{"id":5723,"date":"2021-09-24T21:19:27","date_gmt":"2021-09-24T21:19:27","guid":{"rendered":"http:\/\/kostolna.fara.sk\/?p=5723"},"modified":"2021-09-24T21:19:27","modified_gmt":"2021-09-24T21:19:27","slug":"farske-oznamy-a-zamyslenie-26-09-2021","status":"publish","type":"post","link":"https:\/\/www.farakostolna.sk\/?p=5723","title":{"rendered":"Farsk\u00e9 oznamy a zamyslenie (26.09.2021)"},"content":{"rendered":"\n\t\t\t\t\n\t\t\t\t\n<div class=\"wp-block-image\"><figure class=\"alignleft is-resized\"><img loading=\"lazy\" decoding=\"async\" src=\"http:\/\/kostolna.fara.sk\/wp-content\/uploads\/2021\/09\/WhatsApp-Image-2021-09-24-at-23.01.25-1024x683.jpeg\" alt=\"\" class=\"wp-image-5724\" width=\"430\" height=\"286\"\/><\/figure><\/div>\n\n\n\n<p>Je\u017ei\u0161 sa dnes op\u00e4\u0165 stavia za ochranu det\u00ed &#8211; teda t\u00fdch najslab\u0161\u00edch. Vz\u00e1p\u00e4t\u00ed n\u00e1m adresuje ve\u013emi ostr\u00e9 slov\u00e1 vyz\u00fdvaj\u00face k zdrav\u00e9mu radikalizmu. S poku\u0161eniami sa toti\u017e v\u00f4bec nem\u00e1me zahr\u00e1va\u0165 &#8211; treba ich odmietnu\u0165 \u00faplne, nie len tak trochu. Chce to v\u0161ak na\u0161e pevn\u00e9 rozhodnutie e\u0161te predt\u00fdm, ne\u017e poku\u0161enia pr\u00eddu. Rozm\u00fd\u0161\u013eali ste niekedy o tom, kde je va\u0161e slab\u00e9 miesto? \u010co ste s t\u00fdm urobili?<\/p>\n\n\n<p><!--more--><\/p>\n\n\n<p><strong>Pozvanie na sv\u00e4t\u00e9 om\u0161e:<\/strong><\/p>\n\n\n\n<p><strong>sobota \u2013 25. septembra (s nede\u013enou platnos\u0165ou)<\/strong><\/p>\n\n\n\n<ul class=\"wp-block-list\"><li><strong>15:00 \u2013 Kostoln\u00e1 \u2013 (slov.\/ma\u010f. &#8211; sob\u00e1\u0161na) <\/strong><\/li><li><strong>16:00 \u2013 Hrub\u00fd \u0160\u00far \u2013 (ma\u010f.)<\/strong><\/li><li><strong>17:00 \u2013 Hrub\u00e1 Bor\u0161a \u2013 (slov.\/ma\u010f.)<\/strong><\/li><li><strong>18:00 \u2013 Kostoln\u00e1 \u2013 (slov.)<\/strong><\/li><\/ul>\n\n\n\n<p><strong>nede\u013ea \u2013 26. septembra<\/strong><\/p>\n\n\n\n<ul class=\"wp-block-list\"><li><strong>7:00 \u2013 Kostoln\u00e1 \u2013 (slov.)<\/strong><\/li><li><strong>8:00 \u2013 Hrub\u00fd \u0160\u00far \u2013 (ma\u010f.)<\/strong><\/li><li><strong>9:30 \u2013 Kostoln\u00e1 \u2013 (ma\u010f.)<\/strong><\/li><li><strong>11:00 \u2013 Kostoln\u00e1 \u2013 (slov.)<\/strong><\/li><\/ul>\n\n\n\n<p>Po\u010dn\u00fac touto nede\u013eou a\u017e do odvolania pon\u00fakam sv\u00e4t\u00fa om\u0161u aj o 7:00 v slovenskom jazyku. Z minuloro\u010dnej sk\u00fasenosti vieme, \u017ee na \u0148u chodieva najmenej \u013eud\u00ed. Preto zvl\u00e1\u0161\u0165 poz\u00fdvam seniorov a v\u0161etk\u00fdch t\u00fdch, ktor\u00ed sa ob\u00e1vaj\u00fa o svoj zdravotn\u00fd stav.<\/p>\n\n\n\n<p>V pr\u00edpade dobr\u00e9ho po\u010dasia bud\u00fa sv\u00e4t\u00e9 om\u0161e v Kostolnej vonku na farskom dvore. Av\u0161ak aj inokedy s\u00fa pre v\u00e1s k dispoz\u00edcii vonku lavi\u010dky, ako i ozvu\u010denie cel\u00e9ho dvora. <\/p>\n\n\n\n<p>Tento t\u00fd\u017ede\u0148 pre v\u00e1s vysluhujem sviatos\u0165 zmierenia v pondelok, utorok, stredu, \u0161tvrtok a v piatok od 16:00 do 16:50 v Kostolnej pod pr\u00edstre\u0161kom na farskom dvore. Pripravme sa aj duchovne na farsk\u00e9 hody. Chor\u00fdch budem spoveda\u0165 v piatok v Kostolnej od 8:00 do 10:00 a v Hrubom \u0160\u00fare od 10:00 do 12:00. <\/p>\n\n\n\n<p>Tento t\u00fd\u017ede\u0148 bude aj ador\u00e1cia od pondelka do piatku v kostole od 16:00 do 17:00.<\/p>\n\n\n\n<p><strong>Teraz v nede\u013eu sme pozvan\u00ed na modlitbov\u00e9 trojdnie spolo\u010denstva Modlitby Matiek o 15:00 v Kostolnej pri Dunaji. <\/strong>Po stretnut\u00ed bude agap\u00e9 na farskom dvore. <\/p>\n\n\n\n<p><strong>Prihl\u00e1\u0161ky na prv\u00e9 sv\u00e4t\u00e9 prij\u00edmanie <\/strong>n\u00e1jdete na stiahnutie <a href=\"https:\/\/docs.google.com\/document\/d\/1Ng7GZuO7s-wHPqPcccey7mMqlQ949kqjoi8a2ZdduJs\/edit?usp=sharing\">na na\u0161ej farskej str\u00e1nke<\/a> (alebo aj u m\u0148a v sakristii), ktor\u00e9 <strong>treba odovzda\u0165 najnesk\u00f4r do 10. okt\u00f3bra 2021.<\/strong><\/p>\n\n\n\n<p><strong>Na bud\u00facu nede\u013eu m\u00e1me v Kostolnej farsk\u00e9 hody<\/strong>. Sl\u00e1vnostn\u00fdm kazate\u013eom (na 9:30 a 11:00) bude vdp. Jozef Vadkerti, dekan-far\u00e1r z Podunajsk\u00fdch Biskup\u00edc. Na sv\u00e4t\u00fdch om\u0161iach bude spieva\u0165 a hra\u0165 kapela Crux a Nebesk\u00e1 Rosa. Po sv. om\u0161iach v Kostolnej bude hodov\u00e1 ofera. Vopred \u010fakujem. Pred kostolom v\u00e1s u\u017e tradi\u010dne pohost\u00edm chutn\u00fdm grinavsk\u00fdm bur\u010diakom, deti a \u0161of\u00e9rov sladk\u00fdm mu\u0161tom. <\/p>\n\n\n\n<p>Parkovanie autami je mo\u017en\u00e9 na farskej z\u00e1hrade s vchodom na konci m\u00faru smerom na Kr\u00e1\u013eov\u00fa. <\/p>\n\n\n\n<p>Som tu pre V\u00c1S! <\/p>\n\n\n\n<p>S \u00factou,<br>Pavol Gajdo\u0161, v\u00e1\u0161 far\u00e1r<\/p>\n\t\t\t\t","protected":false},"excerpt":{"rendered":"<p>Je\u017ei\u0161 sa dnes op\u00e4\u0165 stavia za ochranu det\u00ed &#8211; teda t\u00fdch najslab\u0161\u00edch. Vz\u00e1p\u00e4t\u00ed n\u00e1m adresuje ve\u013emi ostr\u00e9 slov\u00e1 vyz\u00fdvaj\u00face k zdrav\u00e9mu radikalizmu. S poku\u0161eniami sa toti\u017e v\u00f4bec nem\u00e1me zahr\u00e1va\u0165 &#8211; treba ich odmietnu\u0165 \u00faplne, nie len tak trochu. Chce to v\u0161ak na\u0161e pevn\u00e9 rozhodnutie e\u0161te predt\u00fdm, ne\u017e poku\u0161enia pr\u00eddu. Rozm\u00fd\u0161\u013eali ste niekedy o tom, kde &#8230; <span class=\"more\"><a class=\"more-link\" href=\"https:\/\/www.farakostolna.sk\/?p=5723\">[\u010c\u00edta\u0165 \u010falej&#8230;]<\/a><\/span><\/p>\n","protected":false},"author":7,"featured_media":5724,"comment_status":"closed","ping_status":"closed","sticky":false,"template":"","format":"standard","meta":{"footnotes":""},"categories":[13],"tags":[],"class_list":{"0":"entry","1":"post","2":"publish","3":"author-slado89gmail-com","4":"has-excerpt","5":"has-more-link","6":"post-5723","8":"format-standard","9":"has-post-thumbnail","10":"category-oznamy"},"_links":{"self":[{"href":"https:\/\/www.farakostolna.sk\/index.php?rest_route=\/wp\/v2\/posts\/5723","targetHints":{"allow":["GET"]}}],"collection":[{"href":"https:\/\/www.farakostolna.sk\/index.php?rest_route=\/wp\/v2\/posts"}],"about":[{"href":"https:\/\/www.farakostolna.sk\/index.php?rest_route=\/wp\/v2\/types\/post"}],"author":[{"embeddable":true,"href":"https:\/\/www.farakostolna.sk\/index.php?rest_route=\/wp\/v2\/users\/7"}],"replies":[{"embeddable":true,"href":"https:\/\/www.farakostolna.sk\/index.php?rest_route=%2Fwp%2Fv2%2Fcomments&post=5723"}],"version-history":[{"count":0,"href":"https:\/\/www.farakostolna.sk\/index.php?rest_route=\/wp\/v2\/posts\/5723\/revisions"}],"wp:featuredmedia":[{"embeddable":true,"href":"https:\/\/www.farakostolna.sk\/index.php?rest_route=\/"}],"wp:attachment":[{"href":"https:\/\/www.farakostolna.sk\/index.php?rest_route=%2Fwp%2Fv2%2Fmedia&parent=5723"}],"wp:term":[{"taxonomy":"category","embeddable":true,"href":"https:\/\/www.farakostolna.sk\/index.php?rest_route=%2Fwp%2Fv2%2Fcategories&post=5723"},{"taxonomy":"post_tag","embeddable":true,"href":"https:\/\/www.farakostolna.sk\/index.php?rest_route=%2Fwp%2Fv2%2Ftags&post=5723"}],"curies":[{"name":"wp","href":"https:\/\/api.w.org\/{rel}","templated":true}]}}