{"id":5713,"date":"2021-09-18T12:05:54","date_gmt":"2021-09-18T12:05:54","guid":{"rendered":"http:\/\/kostolna.fara.sk\/?p=5713"},"modified":"2021-09-18T12:05:54","modified_gmt":"2021-09-18T12:05:54","slug":"byt-na-ceste-nie-je-lahke","status":"publish","type":"post","link":"https:\/\/www.farakostolna.sk\/?p=5713","title":{"rendered":"By\u0165 na ceste nie je \u013eahk\u00e9"},"content":{"rendered":"\n\t\t\t\t\n\t\t\t\t\n<div class=\"wp-block-image\"><figure class=\"alignleft is-resized\"><img loading=\"lazy\" decoding=\"async\" src=\"http:\/\/kostolna.fara.sk\/wp-content\/uploads\/2021\/09\/WhatsApp-Image-2021-09-16-at-08.15.35-1024x768.jpeg\" alt=\"\" class=\"wp-image-5714\" width=\"499\" height=\"374\"\/><\/figure><\/div>\n\n\n\n<p>N\u00e1v\u0161teva\nSv. Otca p\u00e1pe\u017ea Franti\u0161ka mala pre mnoh\u00fdch z&nbsp;n\u00e1s ur\u010dite ve\u013ea pod\u00f4b\na&nbsp;ka\u017ed\u00fd z n\u00e1s m\u00e1 svoj pr\u00edbeh pre\u017e\u00edvania tejto vz\u00e1cnej chv\u00edle. <\/p>\n\n\n<p><!--more--><\/p>\n\n\n<p>Ja\nsom si cel\u00fd \u010das vravel, \u017ee prich\u00e1dza aj kv\u00f4li mne. \u017de, ak by sa n\u00e1m chcel\nprihovori\u0165 cez video, \u010di nap\u00edsa\u0165 \u0161peci\u00e1lny list pre Slov\u00e1kov, v&nbsp;dne\u0161nej\ndobe no-probl\u00e9m. Ale ak On, 84-ro\u010dn\u00fd mu\u017e \u2013 Peter dne\u0161n\u00fdch \u010dias, pr\u00edde\ns&nbsp;nabit\u00fdm programom aj kv\u00f4li mne,&nbsp;ja mus\u00edm odlo\u017ei\u0165 v\u0161etko a&nbsp;plne\nvn\u00edma\u0165 posolstvo, s&nbsp;ktor\u00fdm prich\u00e1dza. \u010ci u\u017e cez r\u00e1dio, telev\u00edziu alebo ako\np\u00fatnik, ale by\u0165 otvoren\u00fd, vn\u00edmav\u00fd, pr\u00edtomn\u00fd.<\/p>\n\n\n\n<p>&nbsp;&nbsp;&nbsp;&nbsp;&nbsp;&nbsp;&nbsp;&nbsp;&nbsp;&nbsp;&nbsp;&nbsp;&nbsp; Ke\u010f som dostal pozvanie\nz&nbsp;vikari\u00e1tu na \u00fa\u010das\u0165 ako mimoriadny rozd\u00e1vate\u013e sv\u00e4t\u00e9ho prij\u00edmania, pote\u0161il\nsom sa, aj ke\u010f som v&nbsp;danom \u010dase nesp\u013a\u0148al podmienky \u00fa\u010dasti. Hlavu som mal\npln\u00fa zm\u00e4tku z&nbsp;o\u010dkovania, obmedzen\u00ed a&nbsp;v\u0161etk\u00fdch t\u00fdch re\u010d\u00ed okolo. Tak\nve\u013emi som sa na to s\u00fastredil, \u017ee som zabudol vn\u00edma\u0165, \u010do sa vlastne deje. E\u0161te\nteraz sp\u00e4tne vyh\u013ead\u00e1vam v\u0161etko, \u010do mi uniklo&#8230;<\/p>\n\n\n\n<p>&nbsp;&nbsp;&nbsp;&nbsp;&nbsp;&nbsp;&nbsp;&nbsp;&nbsp;&nbsp;&nbsp;&nbsp;&nbsp; Tak \u010di onak, P\u00e1n to zariadil tak,\n\u017ee som mohol by\u0165 pr\u00edtomn\u00fd ako p\u00fatnik v&nbsp;\u0160a\u0161t\u00edne a&nbsp;sl\u00fa\u017ei\u0165 ako\nmimoriadny rozd\u00e1vate\u013e sv\u00e4t\u00e9ho prij\u00edmania. Ke\u010f\u017ee som sa prihl\u00e1sil do OTP\nsektoru, bol som v&nbsp;tej najvzdialenej\u0161ej \u010dasti od olt\u00e1ra, no pri Je\u017ei\u0161ovi,\nktor\u00fd bol pr\u00edtomn\u00fd v&nbsp;Eucharistii v proviz\u00f3rnej stanovej kaplnke. Dav\np\u00fatnikov som vn\u00edmal cez pr\u00e1zdne pole, lebo sektor mal ove\u013ea v\u00e4\u010d\u0161iu kapacitu\na&nbsp;kaplnka bola \u00faplne vzadu. No o&nbsp;to viac som sa mohol s\u00fastredi\u0165 na\npre\u017e\u00edvanie sv. om\u0161e. Ako \u00famysel som si vzbudil t\u00fa\u017ebu po&nbsp;jednote\na&nbsp;vz\u00e1jomnom prijat\u00ed sa n\u00e1s kres\u0165anov na Slovensku, ale aj v&nbsp;na\u0161ich\nfarnostiach. T\u00e1 \u0165archa a&nbsp;sm\u00fatok na m\u0148a akosi doliehal, a\u017e som sa zabudol\nte\u0161i\u0165 z&nbsp;danej chv\u00edle. E\u0161te pred sv. om\u0161ou n\u00e1s pri\u0161iel jeden\nz&nbsp;dobrovo\u013en\u00edkov po\u017eiada\u0165, \u010di by sme vedeli rozda\u0165 sv. prij\u00edmanie aj \u013eudom,\nktor\u00fd sa do are\u00e1lu nedostali a&nbsp;ostali pred vstupn\u00fdmi kontrolami. D\u00f4vody boli\nr\u00f4zne, neskor\u00fd pr\u00edchod, nesp\u013a\u0148ali podmienky, chybn\u00e1 registr\u00e1cia a&nbsp;podobne.\nBolo ich tam asi 300. S&nbsp;dojat\u00edm som sledoval, ak\u00ed boli v\u010fa\u010dn\u00ed\na&nbsp;s&nbsp;akou b\u00e1z\u0148ou pristupovali k&nbsp;sviatosti. V&nbsp;danej chv\u00edli\nsom zabudol na sm\u00fatok a&nbsp;te\u0161il som sa s&nbsp;nimi v&nbsp;Duchu\nz&nbsp;Je\u017ei\u0161a, ktor\u00fd sa n\u00e1m d\u00e1va bez oh\u013eadu na sektor, \u010di chyby, ktor\u00e9 rob\u00edme.\nD\u00e1va n\u00e1m slobodu a&nbsp;t\u00fa\u017ei po na\u0161ej l\u00e1ske. Chce by\u0165 s&nbsp;nami na ceste\nn\u00e1\u0161ho \u017eivota. <\/p>\n\n\n\n<p>&nbsp;&nbsp;&nbsp;&nbsp;&nbsp;&nbsp;&nbsp;&nbsp;&nbsp;&nbsp;&nbsp;&nbsp;&nbsp; A tak, Pane, pros\u00edm, nau\u010d n\u00e1s\nprija\u0165 sa, odpusti\u0165 si, s&nbsp;l\u00e1skou na seba vzhliada\u0165, aj ke\u010f m\u00e1me r\u00f4zne\nn\u00e1zory. A&nbsp;hlavne, te\u0161i\u0165 sa z&nbsp;milost\u00ed, ktor\u00e9 n\u00e1m d\u00e1va\u0161.<\/p>\n\n\n\n<p style=\"text-align:right\"><strong><em>Martin \u0160ina\u013e,<\/em><\/strong><br><em>Hrub\u00e1 Bor\u0161a<\/em> <\/p>\n\n\n\n<p style=\"text-align:right\"><em>sn\u00edmky: autor a Mari\u00e1n Jasenovec<\/em><\/p>\n\n\n\n<p><a href=\"https:\/\/photos.app.goo.gl\/bEssQ6Mz6aZy9fF5A\">Fotogal\u00e9ria zo sv. om\u0161i s p\u00e1pe\u017eom Franti\u0161kom v \u0160a\u0161t\u00edne na Sviatok Sedembolestnej Panny M\u00e1rie. <\/a><\/p>\n\t\t\t\t","protected":false},"excerpt":{"rendered":"<p>N\u00e1v\u0161teva Sv. Otca p\u00e1pe\u017ea Franti\u0161ka mala pre mnoh\u00fdch z&nbsp;n\u00e1s ur\u010dite ve\u013ea pod\u00f4b a&nbsp;ka\u017ed\u00fd z n\u00e1s m\u00e1 svoj pr\u00edbeh pre\u017e\u00edvania tejto vz\u00e1cnej chv\u00edle.<\/p>\n","protected":false},"author":7,"featured_media":5714,"comment_status":"closed","ping_status":"closed","sticky":false,"template":"","format":"standard","meta":{"footnotes":""},"categories":[4],"tags":[],"class_list":{"0":"entry","1":"post","2":"publish","3":"author-slado89gmail-com","4":"has-excerpt","5":"has-more-link","6":"post-5713","8":"format-standard","9":"has-post-thumbnail","10":"category-akcie"},"_links":{"self":[{"href":"https:\/\/www.farakostolna.sk\/index.php?rest_route=\/wp\/v2\/posts\/5713","targetHints":{"allow":["GET"]}}],"collection":[{"href":"https:\/\/www.farakostolna.sk\/index.php?rest_route=\/wp\/v2\/posts"}],"about":[{"href":"https:\/\/www.farakostolna.sk\/index.php?rest_route=\/wp\/v2\/types\/post"}],"author":[{"embeddable":true,"href":"https:\/\/www.farakostolna.sk\/index.php?rest_route=\/wp\/v2\/users\/7"}],"replies":[{"embeddable":true,"href":"https:\/\/www.farakostolna.sk\/index.php?rest_route=%2Fwp%2Fv2%2Fcomments&post=5713"}],"version-history":[{"count":0,"href":"https:\/\/www.farakostolna.sk\/index.php?rest_route=\/wp\/v2\/posts\/5713\/revisions"}],"wp:featuredmedia":[{"embeddable":true,"href":"https:\/\/www.farakostolna.sk\/index.php?rest_route=\/"}],"wp:attachment":[{"href":"https:\/\/www.farakostolna.sk\/index.php?rest_route=%2Fwp%2Fv2%2Fmedia&parent=5713"}],"wp:term":[{"taxonomy":"category","embeddable":true,"href":"https:\/\/www.farakostolna.sk\/index.php?rest_route=%2Fwp%2Fv2%2Fcategories&post=5713"},{"taxonomy":"post_tag","embeddable":true,"href":"https:\/\/www.farakostolna.sk\/index.php?rest_route=%2Fwp%2Fv2%2Ftags&post=5713"}],"curies":[{"name":"wp","href":"https:\/\/api.w.org\/{rel}","templated":true}]}}