{"id":5705,"date":"2021-09-17T20:38:40","date_gmt":"2021-09-17T20:38:40","guid":{"rendered":"http:\/\/kostolna.fara.sk\/?p=5705"},"modified":"2021-09-17T20:38:40","modified_gmt":"2021-09-17T20:38:40","slug":"farske-oznamy-a-zamyslenie-19-09-2021","status":"publish","type":"post","link":"https:\/\/www.farakostolna.sk\/?p=5705","title":{"rendered":"Farsk\u00e9 oznamy a zamyslenie (19.09.2021)"},"content":{"rendered":"\n\t\t\t\t\n\t\t\t\t\n<div class=\"wp-block-image\"><figure class=\"alignleft is-resized\"><img loading=\"lazy\" decoding=\"async\" src=\"http:\/\/kostolna.fara.sk\/wp-content\/uploads\/2021\/09\/pictures_of_jesus_with_a_child-1024x683.jpeg\" alt=\"\" class=\"wp-image-5706\" width=\"456\" height=\"303\"\/><\/figure><\/div>\n\n\n\n<p>Je\u017ei\u0161 prijat\u00edm det\u00ed l\u00e1me \u010fal\u0161iu pomyseln\u00fa hranicu vo vtedaj\u0161ej spolo\u010dnosti &#8211; nielen teoreticky, ale i prakticky. Obdivujeme ho, nadch\u00fdname sa. Jeho odkaz v\u0161ak nem\u00e1 by\u0165 pomn\u00edkom, ale \u0161tafetou. Sme ochotn\u00ed prebra\u0165 ju a nies\u0165 \u010falej? Nebr\u00e1nime prich\u00e1dza\u0165 de\u0165om k Bohu? M\u00e1me pochopenie pre detsk\u00e9 &#8220;vrtochy&#8221; nielen na bohoslu\u017ebe? Neoslabujeme ich vieru na\u0161im zl\u00fdm pr\u00edkladom, \u010di vla\u017enos\u0165ou?<\/p>\n\n\n<p><!--more--><\/p>\n\n\n<p><strong>Pozvanie na sv\u00e4t\u00e9 om\u0161e:<\/strong><\/p>\n\n\n\n<p><strong>sobota \u2013 18. septembra (s nede\u013enou platnos\u0165ou)<\/strong><\/p>\n\n\n\n<ul class=\"wp-block-list\"><li><strong>16:00 \u2013 Hrub\u00fd \u0160\u00far \u2013 (ma\u010f.)<\/strong><\/li><li><strong>17:00 \u2013 Hrub\u00e1 Bor\u0161a \u2013 (slov. \u2013 ma\u010f.)<\/strong><\/li><li><strong>18:00 \u2013 Kostoln\u00e1 \u2013 (slov.)<\/strong><\/li><\/ul>\n\n\n\n<p><strong>nede\u013ea \u2013 19. septembra<\/strong><\/p>\n\n\n\n<ul class=\"wp-block-list\"><li><strong>8:00 \u2013 Hrub\u00fd \u0160\u00far \u2013 (ma\u010f.)<\/strong><\/li><li><strong>9:30 \u2013 Kostoln\u00e1 \u2013 (ma\u010f.)<\/strong><\/li><li><strong>11:00 \u2013 Kostoln\u00e1 \u2013 (slov.)<\/strong><\/li><\/ul>\n\n\n\n<p><strong>Teraz v sobotu o 19:00 je v Kostolnej modlitba chv\u00e1l<\/strong>. Tento t\u00fd\u017ede\u0148 budem spoveda\u0165: v utorok, stredu a vo \u0161tvrtok od 17:00 do 17:50 v Kostolnej pod pr\u00edstre\u0161kom na farskom dvore. V tom istom \u010dase bude v kostole ador\u00e1cia. V piatok bude ador\u00e1cia u\u017e od 16:30. Pr\u00ed\u010fte sa st\u00ed\u0161i\u0165 do Bo\u017eieho chr\u00e1mu. <\/p>\n\n\n\n<p><strong>Bud\u00faci v\u00edkend sme pozvan\u00ed na modlitbov\u00e9 trojdnie<\/strong> spolo\u010denstva Modlitby matiek. V piatok o 10:00 v Hrubom \u0160\u00fare, v sobotu o 10:00 v Hrubej Bor\u0161i a v nede\u013eu o 15:00 v Kostolnej. Po ka\u017edom stretnut\u00ed bude aj agap\u00e9. <\/p>\n\n\n\n<p>Tento v\u00edkend m\u00e1me pravideln\u00fa mesa\u010dn\u00fa zbierku na opravu farsk\u00e9ho kostola a prev\u00e1dzkov\u00e9 n\u00e1klady farnosti. Vopred \u010fakujem. <\/p>\n\n\n\n<p>S \u00factou,<br>Pavol Gajdo\u0161, v\u00e1\u0161 far\u00e1r<\/p>\n\t\t\t\t","protected":false},"excerpt":{"rendered":"<p>Je\u017ei\u0161 prijat\u00edm det\u00ed l\u00e1me \u010fal\u0161iu pomyseln\u00fa hranicu vo vtedaj\u0161ej spolo\u010dnosti &#8211; nielen teoreticky, ale i prakticky. Obdivujeme ho, nadch\u00fdname sa. Jeho odkaz v\u0161ak nem\u00e1 by\u0165 pomn\u00edkom, ale \u0161tafetou. Sme ochotn\u00ed prebra\u0165 ju a nies\u0165 \u010falej? Nebr\u00e1nime prich\u00e1dza\u0165 de\u0165om k Bohu? M\u00e1me pochopenie pre detsk\u00e9 &#8220;vrtochy&#8221; nielen na bohoslu\u017ebe? Neoslabujeme ich vieru na\u0161im zl\u00fdm pr\u00edkladom, \u010di &#8230; <span class=\"more\"><a class=\"more-link\" href=\"https:\/\/www.farakostolna.sk\/?p=5705\">[\u010c\u00edta\u0165 \u010falej&#8230;]<\/a><\/span><\/p>\n","protected":false},"author":7,"featured_media":5706,"comment_status":"closed","ping_status":"closed","sticky":false,"template":"","format":"standard","meta":{"footnotes":""},"categories":[13],"tags":[],"class_list":{"0":"entry","1":"post","2":"publish","3":"author-slado89gmail-com","4":"has-excerpt","5":"has-more-link","6":"post-5705","8":"format-standard","9":"has-post-thumbnail","10":"category-oznamy"},"_links":{"self":[{"href":"https:\/\/www.farakostolna.sk\/index.php?rest_route=\/wp\/v2\/posts\/5705","targetHints":{"allow":["GET"]}}],"collection":[{"href":"https:\/\/www.farakostolna.sk\/index.php?rest_route=\/wp\/v2\/posts"}],"about":[{"href":"https:\/\/www.farakostolna.sk\/index.php?rest_route=\/wp\/v2\/types\/post"}],"author":[{"embeddable":true,"href":"https:\/\/www.farakostolna.sk\/index.php?rest_route=\/wp\/v2\/users\/7"}],"replies":[{"embeddable":true,"href":"https:\/\/www.farakostolna.sk\/index.php?rest_route=%2Fwp%2Fv2%2Fcomments&post=5705"}],"version-history":[{"count":0,"href":"https:\/\/www.farakostolna.sk\/index.php?rest_route=\/wp\/v2\/posts\/5705\/revisions"}],"wp:featuredmedia":[{"embeddable":true,"href":"https:\/\/www.farakostolna.sk\/index.php?rest_route=\/"}],"wp:attachment":[{"href":"https:\/\/www.farakostolna.sk\/index.php?rest_route=%2Fwp%2Fv2%2Fmedia&parent=5705"}],"wp:term":[{"taxonomy":"category","embeddable":true,"href":"https:\/\/www.farakostolna.sk\/index.php?rest_route=%2Fwp%2Fv2%2Fcategories&post=5705"},{"taxonomy":"post_tag","embeddable":true,"href":"https:\/\/www.farakostolna.sk\/index.php?rest_route=%2Fwp%2Fv2%2Ftags&post=5705"}],"curies":[{"name":"wp","href":"https:\/\/api.w.org\/{rel}","templated":true}]}}