{"id":5700,"date":"2021-09-14T21:16:49","date_gmt":"2021-09-14T21:16:49","guid":{"rendered":"http:\/\/kostolna.fara.sk\/?p=5700"},"modified":"2021-09-14T21:16:49","modified_gmt":"2021-09-14T21:16:49","slug":"uzdravujuca-bolest","status":"publish","type":"post","link":"https:\/\/www.farakostolna.sk\/?p=5700","title":{"rendered":"Uzdravuj\u00faca boles\u0165"},"content":{"rendered":"\n\t\t\t\t\n\t\t\t\t\n<div class=\"wp-block-image\"><figure class=\"alignleft\"><img decoding=\"async\" src=\"http:\/\/kostolna.fara.sk\/wp-content\/uploads\/2021\/09\/WhatsApp-Image-2021-09-14-at-23.09.31-1024x426.jpeg\" alt=\"\" class=\"wp-image-5701\"\/><\/figure><\/div>\n\n\n\n<p>V dne\u0161nom evanjeliu (\u201e\u2026a&nbsp;tvoju vlastn\u00fa du\u0161u prenikne me\u010d \u2013, aby vy\u0161lo najavo zm\u00fd\u0161\u013eanie mnoh\u00fdch s\u0155dc.\u201c Lk 2,35) je prame\u0148 porekadla: \u201eV n\u00fadzi pozn\u00e1\u0161 priate\u013ea.\u201c Preto je pri vz\u0165ahoch d\u00f4le\u017eit\u00e9 za\u017ei\u0165 aj kr\u00edzu \u2013 nie preto, aby sme sa zra\u0148ovali, ale aby vy\u0161lo najavo zm\u00fd\u0161\u013eanie s\u0155dc \u2013 to je toti\u017e zrkadlo na\u0161ich pov\u00e1h a \u00famyslov. Sami budeme prekvapen\u00ed, \u010do v\u0161etko sa v n\u00e1s skr\u00fdva. Toto poznanie n\u00e1s v\u0161ak nem\u00e1 ub\u00edja\u0165, ale m\u00e1 n\u00e1m pom\u00f4c\u0165 v lie\u010dbe na\u0161ich neduhov. Prosme dnes na\u0161u adopt\u00edvnu matku, aby n\u00e1m pomohla pri tomto procese.<\/p>\n\n\n<p><!--more--><\/p>\n\n\n<p><strong>Pozvanie na sv\u00e4t\u00e9 om\u0161e:<\/strong><\/p>\n\n\n\n<p><strong>streda &#8211; 15. septembra<\/strong><\/p>\n\n\n\n<ul class=\"wp-block-list\"><li><strong>17:00 &#8211; Kostoln\u00e1 &#8211; (ma\u010f.)<\/strong><\/li><li><strong>18:00 &#8211; Kostoln\u00e1 &#8211; (slov.) <\/strong><\/li><li><strong>19:00 &#8211; Hrub\u00fd \u0160\u00far &#8211; (ma\u010f.) <\/strong><\/li><\/ul>\n\n\n\n<p>Tento t\u00fd\u017ede\u0148 budem spoveda\u0165 e\u0161te vo \u0161tvrtok od 17:00 do 17:50 v Kostolnej pod pr\u00edstre\u0161kom na farskom dvore. V tom istom \u010dase bude v kostole ador\u00e1cia.<\/p>\n\n\n\n<p>S \u00factou, <br>Pavol Gajdo\u0161, v\u00e1\u0161 far\u00e1r<\/p>\n\t\t\t\t","protected":false},"excerpt":{"rendered":"<p>V dne\u0161nom evanjeliu (\u201e\u2026a&nbsp;tvoju vlastn\u00fa du\u0161u prenikne me\u010d \u2013, aby vy\u0161lo najavo zm\u00fd\u0161\u013eanie mnoh\u00fdch s\u0155dc.\u201c Lk 2,35) je prame\u0148 porekadla: \u201eV n\u00fadzi pozn\u00e1\u0161 priate\u013ea.\u201c Preto je pri vz\u0165ahoch d\u00f4le\u017eit\u00e9 za\u017ei\u0165 aj kr\u00edzu \u2013 nie preto, aby sme sa zra\u0148ovali, ale aby vy\u0161lo najavo zm\u00fd\u0161\u013eanie s\u0155dc \u2013 to je toti\u017e zrkadlo na\u0161ich pov\u00e1h a \u00famyslov. Sami &#8230; <span class=\"more\"><a class=\"more-link\" href=\"https:\/\/www.farakostolna.sk\/?p=5700\">[\u010c\u00edta\u0165 \u010falej&#8230;]<\/a><\/span><\/p>\n","protected":false},"author":7,"featured_media":5703,"comment_status":"closed","ping_status":"closed","sticky":false,"template":"","format":"standard","meta":{"footnotes":""},"categories":[13],"tags":[],"class_list":{"0":"entry","1":"post","2":"publish","3":"author-slado89gmail-com","4":"has-excerpt","5":"has-more-link","6":"post-5700","8":"format-standard","9":"has-post-thumbnail","10":"category-oznamy"},"_links":{"self":[{"href":"https:\/\/www.farakostolna.sk\/index.php?rest_route=\/wp\/v2\/posts\/5700","targetHints":{"allow":["GET"]}}],"collection":[{"href":"https:\/\/www.farakostolna.sk\/index.php?rest_route=\/wp\/v2\/posts"}],"about":[{"href":"https:\/\/www.farakostolna.sk\/index.php?rest_route=\/wp\/v2\/types\/post"}],"author":[{"embeddable":true,"href":"https:\/\/www.farakostolna.sk\/index.php?rest_route=\/wp\/v2\/users\/7"}],"replies":[{"embeddable":true,"href":"https:\/\/www.farakostolna.sk\/index.php?rest_route=%2Fwp%2Fv2%2Fcomments&post=5700"}],"version-history":[{"count":0,"href":"https:\/\/www.farakostolna.sk\/index.php?rest_route=\/wp\/v2\/posts\/5700\/revisions"}],"wp:featuredmedia":[{"embeddable":true,"href":"https:\/\/www.farakostolna.sk\/index.php?rest_route=\/"}],"wp:attachment":[{"href":"https:\/\/www.farakostolna.sk\/index.php?rest_route=%2Fwp%2Fv2%2Fmedia&parent=5700"}],"wp:term":[{"taxonomy":"category","embeddable":true,"href":"https:\/\/www.farakostolna.sk\/index.php?rest_route=%2Fwp%2Fv2%2Fcategories&post=5700"},{"taxonomy":"post_tag","embeddable":true,"href":"https:\/\/www.farakostolna.sk\/index.php?rest_route=%2Fwp%2Fv2%2Ftags&post=5700"}],"curies":[{"name":"wp","href":"https:\/\/api.w.org\/{rel}","templated":true}]}}