{"id":5691,"date":"2021-09-14T07:02:46","date_gmt":"2021-09-14T07:02:46","guid":{"rendered":"http:\/\/kostolna.fara.sk\/?p=5691"},"modified":"2021-09-14T07:02:46","modified_gmt":"2021-09-14T07:02:46","slug":"navstivil-nas-papez","status":"publish","type":"post","link":"https:\/\/www.farakostolna.sk\/?p=5691","title":{"rendered":"Nav\u0161t\u00edvil n\u00e1s p\u00e1pe\u017e"},"content":{"rendered":"\n\t\t\t\t\n\t\t\t\t\n<div class=\"wp-block-image\"><figure class=\"alignleft is-resized\"><img loading=\"lazy\" decoding=\"async\" src=\"http:\/\/kostolna.fara.sk\/wp-content\/uploads\/2021\/09\/Pope_Francis_South_Korea_2014-807x1024.png\" alt=\"\" class=\"wp-image-5692\" width=\"238\" height=\"301\"\/><\/figure><\/div>\n\n\n\n<p>Dlho sme sa pripravovali na vz\u00e1cneho hos\u0165a, ktor\u00e9ho m\u00e9di\u00e1 ozna\u010duj\u00fa r\u00f4znymi titulmi, sna\u017eia sa vystihn\u00fa\u0165 jeho spolo\u010densk\u00e9 postavenie, \u2026 No a\u017e jeho re\u00e1lna pr\u00edtomnos\u0165 otv\u00e1ra srdcia \u013eud\u00ed a l\u00e1me bari\u00e9ry, ktor\u00e9 sme si medzi sebou vybudovali.<\/p>\n\n\n<p><!--more--><\/p>\n\n\n<p>P\u00e1pe\u017e Franti\u0161ek pri\u0161iel na Slovensko 12. septembra na sviatok mena Panny M\u00e1rie a l\u00fa\u010di\u0165 sa bude 15. septembra, ke\u010f si pripom\u00edname na\u0161u patr\u00f3nku \u2013 Sedembolestn\u00fa Pannu M\u00e1riu.<\/p>\n\n\n\n<p>\u017diadna osobnos\u0165 v posledn\u00fdch rokoch tak hlboko duchovne a \u013eudsky neprehovorila k n\u00e1m, ako tento n\u00e1stupca sv\u00e4t\u00e9ho Petra.<\/p>\n\n\n\n<p>Prin\u00e1\u0161ame zop\u00e1r z\u00e1berov z jeho n\u00e1v\u0161tevy v Prezidentskom pal\u00e1ci:<\/p>\n\n\n\n<ul class=\"wp-block-list\"><li><a rel=\"noreferrer noopener\" aria-label=\"P\u00e1pe\u017e Franti\u0161ek v Prezidentskom pal\u00e1ci (otvor\u00ed sa v novej karte)\" href=\"https:\/\/drive.google.com\/file\/d\/1ao9L52_vJVY6doBByZSPmrDz916YynAI\/view?usp=sharing\" target=\"_blank\">P\u00e1pe\u017e Franti\u0161ek v Prezidentskom pal\u00e1ci &#8211; video 1<\/a><\/li><li><a rel=\"noreferrer noopener\" aria-label=\" (otvor\u00ed sa v novej karte)\" href=\"https:\/\/drive.google.com\/file\/d\/1AaInZbCZQBOotugacXSce2Rr3Ea4hgn5\/view?usp=sharing\" target=\"_blank\">P\u00e1pe\u017e Franti\u0161ek v Prezidentskom pal\u00e1ci &#8211; video 2<\/a> <\/li><\/ul>\n\n\n\n<p>Autorom vide\u00ed je Marek Farka\u0161. <\/p>\n\n\n\n<p>P\u00e1pe\u017e Franti\u0161ek taktie\u017e nav\u0161t\u00edvil centrum Betlehem v bratislavskej Petr\u017ealke &#8211; <a href=\"https:\/\/drive.google.com\/file\/d\/1eRluZQgpFurOVZxrkalgQHnq9S-KL8YD\/view?usp=sharing\">video<\/a>.<\/p>\n\n\n\n<p>Na\u0161a farnos\u0165 sa z\u00fa\u010dastnila aj na sv. om\u0161i s p\u00e1pe\u017eom Franti\u0161kom v \u0160a\u0161t\u00edne na Sviatok Sedembolestnej Panny M\u00e1rie &#8211; <a href=\"https:\/\/photos.app.goo.gl\/bEssQ6Mz6aZy9fF5A\">fotky<\/a> a <a href=\"https:\/\/drive.google.com\/file\/d\/1YwAnkb15ArGFfAklT7-ShkUvhZwPGPAp\/view?usp=sharing\">video<\/a>.<\/p>\n\n\n\n<p style=\"text-align:right\"><em>M\u0160<\/em><\/p>\n\t\t\t\t","protected":false},"excerpt":{"rendered":"<p>Dlho sme sa pripravovali na vz\u00e1cneho hos\u0165a, ktor\u00e9ho m\u00e9di\u00e1 ozna\u010duj\u00fa r\u00f4znymi titulmi, sna\u017eia sa vystihn\u00fa\u0165 jeho spolo\u010densk\u00e9 postavenie, \u2026 No a\u017e jeho re\u00e1lna pr\u00edtomnos\u0165 otv\u00e1ra srdcia \u013eud\u00ed a l\u00e1me bari\u00e9ry, ktor\u00e9 sme si medzi sebou vybudovali.<\/p>\n","protected":false},"author":5,"featured_media":5692,"comment_status":"closed","ping_status":"closed","sticky":false,"template":"","format":"standard","meta":{"footnotes":""},"categories":[1],"tags":[],"class_list":{"0":"entry","1":"post","2":"publish","3":"author-martinsiska1gmail-com","4":"has-excerpt","5":"has-more-link","6":"post-5691","8":"format-standard","9":"has-post-thumbnail","10":"category-uncategorized"},"_links":{"self":[{"href":"https:\/\/www.farakostolna.sk\/index.php?rest_route=\/wp\/v2\/posts\/5691","targetHints":{"allow":["GET"]}}],"collection":[{"href":"https:\/\/www.farakostolna.sk\/index.php?rest_route=\/wp\/v2\/posts"}],"about":[{"href":"https:\/\/www.farakostolna.sk\/index.php?rest_route=\/wp\/v2\/types\/post"}],"author":[{"embeddable":true,"href":"https:\/\/www.farakostolna.sk\/index.php?rest_route=\/wp\/v2\/users\/5"}],"replies":[{"embeddable":true,"href":"https:\/\/www.farakostolna.sk\/index.php?rest_route=%2Fwp%2Fv2%2Fcomments&post=5691"}],"version-history":[{"count":0,"href":"https:\/\/www.farakostolna.sk\/index.php?rest_route=\/wp\/v2\/posts\/5691\/revisions"}],"wp:featuredmedia":[{"embeddable":true,"href":"https:\/\/www.farakostolna.sk\/index.php?rest_route=\/"}],"wp:attachment":[{"href":"https:\/\/www.farakostolna.sk\/index.php?rest_route=%2Fwp%2Fv2%2Fmedia&parent=5691"}],"wp:term":[{"taxonomy":"category","embeddable":true,"href":"https:\/\/www.farakostolna.sk\/index.php?rest_route=%2Fwp%2Fv2%2Fcategories&post=5691"},{"taxonomy":"post_tag","embeddable":true,"href":"https:\/\/www.farakostolna.sk\/index.php?rest_route=%2Fwp%2Fv2%2Ftags&post=5691"}],"curies":[{"name":"wp","href":"https:\/\/api.w.org\/{rel}","templated":true}]}}