{"id":5678,"date":"2021-09-10T20:20:28","date_gmt":"2021-09-10T20:20:28","guid":{"rendered":"http:\/\/kostolna.fara.sk\/?p=5678"},"modified":"2021-09-10T20:20:28","modified_gmt":"2021-09-10T20:20:28","slug":"farske-oznamy-a-zamyslenie-12-09-2021","status":"publish","type":"post","link":"https:\/\/www.farakostolna.sk\/?p=5678","title":{"rendered":"Farsk\u00e9 oznamy a zamyslenie (12.09.2021)"},"content":{"rendered":"\n\t\t\t\t\n\t\t\t\t\n<div class=\"wp-block-image\"><figure class=\"alignleft is-resized\"><img loading=\"lazy\" decoding=\"async\" src=\"http:\/\/kostolna.fara.sk\/wp-content\/uploads\/2021\/09\/bible_films_jesus_christ_disciple-1024x683.jpeg\" alt=\"\" class=\"wp-image-5679\" width=\"471\" height=\"313\"\/><\/figure><\/div>\n\n\n\n<p>Je\u017ei\u0161 v Evanjeli\u00e1ch povzbudzuje, ale aj karh\u00e1. Ako prav\u00fd Boh, neh\u013ead\u00ed na osobu. Dokonca Petrovi sa teraz dostalo sn\u00e1\u010f najtvrd\u0161\u00edch slov, ak\u00e9 sme z Je\u017ei\u0161ov\u00fdch \u00fast po\u010duli. Ide mu toti\u017e o to, za \u010do sa denne modl\u00edme v modlitbe Ot\u010den\u00e1\u0161 &#8211; &#8220;bu\u010f v\u00f4\u013ea Tvoja&#8221;. Ak je pre Je\u017ei\u0161a najvy\u0161\u0161ou prioritou Otcova v\u00f4\u013ea, tak pre n\u00e1s to m\u00e1 by\u0165 \u00faplnou samozrejmos\u0165ou. Je to v\u0161ak tak? Nechceme sk\u00f4r, aby sa stala &#8220;na\u0161a v\u00f4\u013ea&#8221;? P\u00fdtame sa na Otcovu v\u00f4\u013eu? Sme pripraven\u00ed na odpove\u010f?<\/p>\n\n\n<p><!--more--><\/p>\n\n\n<p><strong>Pozvanie na sv\u00e4t\u00e9 om\u0161e:<\/strong><\/p>\n\n\n\n<p><strong>sobota \u2013 11. septembra (s nede\u013enou platnos\u0165ou)<\/strong><\/p>\n\n\n\n<ul class=\"wp-block-list\"><li><strong>16:00 \u2013 Hrub\u00fd \u0160\u00far \u2013 (ma\u010f.)<\/strong><\/li><li><strong>17:00 \u2013 Hrub\u00e1 Bor\u0161a \u2013 (slov. \u2013 ma\u010f.)<\/strong><\/li><li><strong>18:00 \u2013 Kostoln\u00e1 \u2013 (slov.)<\/strong><\/li><\/ul>\n\n\n\n<p><strong>nede\u013ea \u2013 12. septembra<\/strong><\/p>\n\n\n\n<ul class=\"wp-block-list\"><li><strong>8:00 \u2013 Hrub\u00fd \u0160\u00far \u2013 (ma\u010f.)<\/strong><\/li><li><strong>9:30 \u2013 Kostoln\u00e1 \u2013 (ma\u010f.)<\/strong><\/li><li><strong>11:00 \u2013 Kostoln\u00e1 \u2013 (slov.)<\/strong><\/li><\/ul>\n\n\n\n<p>Sv\u00e4t\u00e9 om\u0161e bud\u00fa v Kostolnej op\u00e4\u0165 vonku na farskom dvore. Tento t\u00fd\u017ede\u0148 budem spoveda\u0165: v utorok a \u0161tvrtok od 17:00 do 17:50 v Kostolnej pod pr\u00edstre\u0161kom na farskom dvore. V tom istom \u010dase bude v kostole ador\u00e1cia. V sobotu po ve\u010dernej sv\u00e4tej om\u0161i cca 19:00 bude modlitba chv\u00e1l.  <\/p>\n\n\n\n<p>Op\u00e4\u0165 je mo\u017en\u00e9 parkova\u0165 na farskej z\u00e1hrade s vjazdom na konci m\u00faru smerom na Kr\u00e1\u013eov\u00fa.<\/p>\n\n\n\n<p><strong>Aj v t\u00fato nede\u013eu bude vo farskom kostole ve\u010der o 18:00 modlitba sv\u00e4t\u00e9ho ru\u017eenca za n\u00e1v\u0161tevu Sv\u00e4t\u00e9ho Otca Franti\u0161ka na Slovensku.<\/strong> V\u0161etci sme srde\u010dne pozvan\u00ed.<\/p>\n\n\n\n<p>E\u0161te st\u00e1le s\u00fa <strong>vo\u013en\u00e9 miesta v autobuse do \u0160a\u0161t\u00edna na sv\u00e4t\u00fa om\u0161u so Sv\u00e4t\u00fdm Otcom. <span style=\"color:red\">POZOR ZMENA: Autobus p\u00f4jde 15. septembra z Kostolnej o 4:15 a z Hrub\u00e9ho \u0160\u00faru od zast\u00e1vky pri \u0161kole o 4:20.<\/span><\/strong> Pr\u00edspevok na autobus je dobrovo\u013en\u00fd, zvy\u0161ok hrad\u00ed O\u00da v Kostolnej. Nahl\u00e1ste sa, pros\u00edm, \u010d\u00edm sk\u00f4r (v pondelok 13. septembra) na obecnom \u00farade v Kostolnej po\u010das \u00faradn\u00fdch hod\u00edn. Registr\u00e1ciu je nutn\u00e9 si urobi\u0165 ale u\u017e len teraz do nedele.<\/p>\n\n\n\n<p>Bud\u00faci v\u00edkend m\u00e1me mesa\u010dn\u00fa zbierku na opravu farsk\u00e9ho kostola a prev\u00e1dzkov\u00e9 n\u00e1klady farnosti. Vopred \u010fakujem. <\/p>\n\n\n\n<p>S \u00factou,<br>\nPavol Gajdo\u0161, v\u00e1\u0161 far\u00e1r<\/p>\n\t\t\t\t","protected":false},"excerpt":{"rendered":"<p>Je\u017ei\u0161 v Evanjeli\u00e1ch povzbudzuje, ale aj karh\u00e1. Ako prav\u00fd Boh, neh\u013ead\u00ed na osobu. Dokonca Petrovi sa teraz dostalo sn\u00e1\u010f najtvrd\u0161\u00edch slov, ak\u00e9 sme z Je\u017ei\u0161ov\u00fdch \u00fast po\u010duli. Ide mu toti\u017e o to, za \u010do sa denne modl\u00edme v modlitbe Ot\u010den\u00e1\u0161 &#8211; &#8220;bu\u010f v\u00f4\u013ea Tvoja&#8221;. Ak je pre Je\u017ei\u0161a najvy\u0161\u0161ou prioritou Otcova v\u00f4\u013ea, tak pre n\u00e1s &#8230; <span class=\"more\"><a class=\"more-link\" href=\"https:\/\/www.farakostolna.sk\/?p=5678\">[\u010c\u00edta\u0165 \u010falej&#8230;]<\/a><\/span><\/p>\n","protected":false},"author":7,"featured_media":5679,"comment_status":"closed","ping_status":"closed","sticky":false,"template":"","format":"standard","meta":{"footnotes":""},"categories":[13],"tags":[],"class_list":{"0":"entry","1":"post","2":"publish","3":"author-slado89gmail-com","4":"has-excerpt","5":"has-more-link","6":"post-5678","8":"format-standard","9":"has-post-thumbnail","10":"category-oznamy"},"_links":{"self":[{"href":"https:\/\/www.farakostolna.sk\/index.php?rest_route=\/wp\/v2\/posts\/5678","targetHints":{"allow":["GET"]}}],"collection":[{"href":"https:\/\/www.farakostolna.sk\/index.php?rest_route=\/wp\/v2\/posts"}],"about":[{"href":"https:\/\/www.farakostolna.sk\/index.php?rest_route=\/wp\/v2\/types\/post"}],"author":[{"embeddable":true,"href":"https:\/\/www.farakostolna.sk\/index.php?rest_route=\/wp\/v2\/users\/7"}],"replies":[{"embeddable":true,"href":"https:\/\/www.farakostolna.sk\/index.php?rest_route=%2Fwp%2Fv2%2Fcomments&post=5678"}],"version-history":[{"count":0,"href":"https:\/\/www.farakostolna.sk\/index.php?rest_route=\/wp\/v2\/posts\/5678\/revisions"}],"wp:featuredmedia":[{"embeddable":true,"href":"https:\/\/www.farakostolna.sk\/index.php?rest_route=\/"}],"wp:attachment":[{"href":"https:\/\/www.farakostolna.sk\/index.php?rest_route=%2Fwp%2Fv2%2Fmedia&parent=5678"}],"wp:term":[{"taxonomy":"category","embeddable":true,"href":"https:\/\/www.farakostolna.sk\/index.php?rest_route=%2Fwp%2Fv2%2Fcategories&post=5678"},{"taxonomy":"post_tag","embeddable":true,"href":"https:\/\/www.farakostolna.sk\/index.php?rest_route=%2Fwp%2Fv2%2Ftags&post=5678"}],"curies":[{"name":"wp","href":"https:\/\/api.w.org\/{rel}","templated":true}]}}