{"id":5671,"date":"2021-09-03T20:43:43","date_gmt":"2021-09-03T20:43:43","guid":{"rendered":"http:\/\/kostolna.fara.sk\/?p=5671"},"modified":"2021-09-03T20:43:43","modified_gmt":"2021-09-03T20:43:43","slug":"farske-oznamy-a-zamyslenie-05-09-2021","status":"publish","type":"post","link":"https:\/\/www.farakostolna.sk\/?p=5671","title":{"rendered":"Farsk\u00e9 oznamy a zamyslenie (05.09.2021)"},"content":{"rendered":"\n\t\t\t\t\n\t\t\t\t\n<div class=\"wp-block-image\"><figure class=\"alignleft is-resized\"><img loading=\"lazy\" decoding=\"async\" src=\"http:\/\/kostolna.fara.sk\/wp-content\/uploads\/2021\/09\/WhatsApp-Image-2021-09-03-at-22.32.05.jpeg\" alt=\"\" class=\"wp-image-5672\" width=\"499\" height=\"332\"\/><\/figure><\/div>\n\n\n\n<p>Ur\u010dite viacer\u00ed sa s\u00fastre\u010fujeme v dne\u0161nom evanjeliu na uzdravenie hluchonem\u00e9ho \u2013 z\u00e1zrak, ktor\u00fdm Je\u017ei\u0161 nap\u013a\u0148a proroctv\u00e1 pr\u00edchodu Mesi\u00e1\u0161a. Nezabudnime v\u0161ak na t\u00fdch, ktor\u00ed tohto \u010dloveka k nemu priviedli. Mali iste siln\u00fa vieru, inak by to nerobili. M\u00e1me aj my tak\u00fato vieru? Prich\u00e1dzame za Je\u017ei\u0161om s na\u0161imi probl\u00e9mami? Neboj\u00edme sa privies\u0165 aj in\u00fdch k Nemu? Nenechajme si Je\u017ei\u0161a iba pre seba \u2013 doprajme aj in\u00fdm zak\u00fasi\u0165 jeho l\u00e1sku a uzdravuj\u00facu moc.<\/p>\n\n\n<p><!--more--><\/p>\n\n\n<p><strong>Pozvanie na sv\u00e4t\u00e9 om\u0161e:<\/strong><\/p>\n\n\n\n<p><strong>sobota &#8211; 4. septembra (s nede\u013enou platnos\u0165ou) <\/strong><\/p>\n\n\n\n<ul class=\"wp-block-list\"><li><strong>16:00 &#8211; Hrub\u00fd \u0160\u00far &#8211; (ma\u010f.)<\/strong><\/li><li><strong>17:00 &#8211; Hrub\u00e1 Bor\u0161a &#8211; (slov. &#8211; ma\u010f.) <\/strong><\/li><li><strong>18:00 &#8211; Kostoln\u00e1 &#8211; (slov.) <\/strong><\/li><\/ul>\n\n\n\n<p><strong>nede\u013ea &#8211; 5. septembra<\/strong><\/p>\n\n\n\n<ul class=\"wp-block-list\"><li><strong>8:00 &#8211; Hrub\u00fd \u0160\u00far &#8211; (ma\u010f.) <\/strong><\/li><li><strong>9:30 &#8211; Kostoln\u00e1 &#8211; (ma\u010f.) <\/strong><\/li><li><strong>11:00 &#8211; Kostoln\u00e1 &#8211; (slov. &#8211; &#8220;rodinn\u00e1&#8221;)<\/strong><\/li><\/ul>\n\n\n\n<p>V t\u00fato nede\u013eu bude &#8220;jeden\u00e1stka&#8221; tzv. rodinn\u00e1 sv\u00e4t\u00e1 om\u0161a, ktor\u00e1 bude so zrete\u013eom na deti a ml\u00e1de\u017e. Liturgiu spestr\u00ed aj n\u00e1\u0161 spevokol a ich hudobn\u00e9 n\u00e1stroje. Sv\u00e4t\u00e9 om\u0161e bud\u00fa vonku na farskom dvore. Pr\u00ed\u010fte, te\u0161\u00edme sa na v\u00e1s. <\/p>\n\n\n\n<p>Tento t\u00fd\u017ede\u0148 budem spoveda\u0165: v utorok a stredu od 17:00 do 17:50 v Kostolnej pod pr\u00edstre\u0161kom na farskom dvore. V tom istom \u010dase bude v kostole ador\u00e1cia.<\/p>\n\n\n\n<p>V spolupr\u00e1ci s miestnym obecn\u00fdm \u00faradom usilovne pracujeme na tom, aby pre v\u00e1s pri kostole vzniklo dostatok parkovac\u00edch miest. V t\u00fato nede\u013eu sa v\u00fdnimo\u010dne nebude da\u0165 parkova\u0165 na farskej z\u00e1hrade, s vedom\u00edm miestneho obecn\u00e9ho \u00faradu v\u0161ak bude dovolen\u00e9 parkova\u0165 na kraji cesty po celej d\u013a\u017eke farsk\u00e9ho m\u00fara, ako i na krajnici na hlavnej ceste pri kostole. Do bud\u00facej nedele sa pl\u00e1nuje otvori\u0165 nov\u00fd vchod do farskej z\u00e1hrady. \u010eakujeme za trpezlivos\u0165 a porozumenie. <\/p>\n\n\n\n<p><strong>V t\u00fato nede\u013eu bude vo farskom kostole ve\u010der o 18:00 modlitba sv\u00e4t\u00e9ho ru\u017eenca za n\u00e1v\u0161tevu Sv\u00e4t\u00e9ho Otca Franti\u0161ka na Slovensku. V\u0161etci sme srde\u010dne pozvan\u00ed. <\/strong><\/p>\n\n\n\n<p><strong>Veriaci z na\u0161ej farnosti organizuj\u00fa autobus do \u0160a\u0161t\u00edna na sv\u00e4t\u00fa om\u0161u so Sv\u00e4t\u00fdm Otcom. Autobus p\u00f4jde 15. septembra z Kostolnej o 5:30 a z Hrub\u00e9ho \u0160\u00faru od zast\u00e1vky pri \u0161kole o 5:40. <\/strong>Pr\u00edspevok na autobus je dobrovo\u013en\u00fd, zvy\u0161ok hrad\u00ed O\u00da v Kostolnej. T\u00ed z v\u00e1s, ktor\u00ed maj\u00fa z\u00e1ujem, nech sa nahl\u00e1sia na obecnom \u00farade v Kostolnej po\u010das \u00faradn\u00fdch hod\u00edn do pondelka 13. septembra. Zamestnanci obce v\u00e1m ochotne pom\u00f4\u017eu s registr\u00e1ciou. <\/p>\n\n\n\n<p>S \u00factou, <br>Pavol Gajdo\u0161, v\u00e1\u0161 far\u00e1r<\/p>\n\t\t\t\t","protected":false},"excerpt":{"rendered":"<p>Ur\u010dite viacer\u00ed sa s\u00fastre\u010fujeme v dne\u0161nom evanjeliu na uzdravenie hluchonem\u00e9ho \u2013 z\u00e1zrak, ktor\u00fdm Je\u017ei\u0161 nap\u013a\u0148a proroctv\u00e1 pr\u00edchodu Mesi\u00e1\u0161a. Nezabudnime v\u0161ak na t\u00fdch, ktor\u00ed tohto \u010dloveka k nemu priviedli. Mali iste siln\u00fa vieru, inak by to nerobili. M\u00e1me aj my tak\u00fato vieru? Prich\u00e1dzame za Je\u017ei\u0161om s na\u0161imi probl\u00e9mami? Neboj\u00edme sa privies\u0165 aj in\u00fdch k Nemu? Nenechajme &#8230; <span class=\"more\"><a class=\"more-link\" href=\"https:\/\/www.farakostolna.sk\/?p=5671\">[\u010c\u00edta\u0165 \u010falej&#8230;]<\/a><\/span><\/p>\n","protected":false},"author":7,"featured_media":5672,"comment_status":"closed","ping_status":"closed","sticky":false,"template":"","format":"standard","meta":{"footnotes":""},"categories":[13],"tags":[],"class_list":{"0":"entry","1":"post","2":"publish","3":"author-slado89gmail-com","4":"has-excerpt","5":"has-more-link","6":"post-5671","8":"format-standard","9":"has-post-thumbnail","10":"category-oznamy"},"_links":{"self":[{"href":"https:\/\/www.farakostolna.sk\/index.php?rest_route=\/wp\/v2\/posts\/5671","targetHints":{"allow":["GET"]}}],"collection":[{"href":"https:\/\/www.farakostolna.sk\/index.php?rest_route=\/wp\/v2\/posts"}],"about":[{"href":"https:\/\/www.farakostolna.sk\/index.php?rest_route=\/wp\/v2\/types\/post"}],"author":[{"embeddable":true,"href":"https:\/\/www.farakostolna.sk\/index.php?rest_route=\/wp\/v2\/users\/7"}],"replies":[{"embeddable":true,"href":"https:\/\/www.farakostolna.sk\/index.php?rest_route=%2Fwp%2Fv2%2Fcomments&post=5671"}],"version-history":[{"count":0,"href":"https:\/\/www.farakostolna.sk\/index.php?rest_route=\/wp\/v2\/posts\/5671\/revisions"}],"wp:featuredmedia":[{"embeddable":true,"href":"https:\/\/www.farakostolna.sk\/index.php?rest_route=\/"}],"wp:attachment":[{"href":"https:\/\/www.farakostolna.sk\/index.php?rest_route=%2Fwp%2Fv2%2Fmedia&parent=5671"}],"wp:term":[{"taxonomy":"category","embeddable":true,"href":"https:\/\/www.farakostolna.sk\/index.php?rest_route=%2Fwp%2Fv2%2Fcategories&post=5671"},{"taxonomy":"post_tag","embeddable":true,"href":"https:\/\/www.farakostolna.sk\/index.php?rest_route=%2Fwp%2Fv2%2Ftags&post=5671"}],"curies":[{"name":"wp","href":"https:\/\/api.w.org\/{rel}","templated":true}]}}