{"id":5666,"date":"2021-08-27T21:13:14","date_gmt":"2021-08-27T21:13:14","guid":{"rendered":"http:\/\/kostolna.fara.sk\/?p=5666"},"modified":"2021-08-27T21:13:14","modified_gmt":"2021-08-27T21:13:14","slug":"farske-oznamy-a-zamyslenie-29-08-2021","status":"publish","type":"post","link":"https:\/\/www.farakostolna.sk\/?p=5666","title":{"rendered":"Farsk\u00e9 oznamy a zamyslenie (29.08.2021)"},"content":{"rendered":"\n\t\t\t\t\n\t\t\t\t\n<div class=\"wp-block-image\"><figure class=\"alignleft is-resized\"><img loading=\"lazy\" decoding=\"async\" src=\"http:\/\/kostolna.fara.sk\/wp-content\/uploads\/2021\/08\/WhatsApp-Image-2021-08-27-at-23.01.20-1024x682.jpeg\" alt=\"\" class=\"wp-image-5667\" width=\"447\" height=\"297\"\/><\/figure><\/div>\n\n\n\n<p>Je\u017ei\u0161 n\u00e1m dnes odha\u013euje tajomstvo \u010dist\u00e9ho \u017eivota. Dobro alebo zlo je z\u00e1le\u017eitos\u0165 toho, \u010do dovol\u00edme, aby z n\u00e1s vych\u00e1dzalo. Nezab\u00fadajme v\u0161ak na to, \u017ee v\u0161etky na\u0161e my\u0161lienky, skutky a aj charakter je ovplyvnen\u00fd t\u00fdm, \u010do prij\u00edmame, \u010do \u010d\u00edtame, pozer\u00e1me, pre\u017e\u00edvame. Ak sa budeme s\u00fdti\u0165 Bo\u017e\u00edm slovom, tak ono n\u00e1s m\u00e1 moc premeni\u0165 na Bo\u017eie deti. Nedopus\u0165me, aby n\u00e1s svet obral o vz\u00e1cny \u010das modlitby, ke\u010f m\u00f4\u017eeme \u010derpa\u0165 posilu od Stvorite\u013ea v\u0161etk\u00e9ho dobra.<\/p>\n\n\n<p><!--more--><\/p>\n\n\n<p><strong>Pozvanie na sv\u00e4t\u00e9 om\u0161e:<\/strong><\/p>\n\n\n\n<p><strong>sobota &#8211; 28. augusta (s nede\u013enou platnos\u0165ou) <\/strong><\/p>\n\n\n\n<ul class=\"wp-block-list\"><li><strong>16:00 &#8211; Hrub\u00fd \u0160\u00far &#8211; (ma\u010f.)<\/strong><\/li><li><strong>17:00 &#8211; Hrub\u00e1 Bor\u0161a &#8211; (slov. &#8211; ma\u010f.) <\/strong><\/li><li><strong>18:00 &#8211; Kostoln\u00e1 &#8211; (slov.) <\/strong><\/li><\/ul>\n\n\n\n<p><strong>nede\u013ea &#8211; 29. augusta <\/strong><\/p>\n\n\n\n<ul class=\"wp-block-list\"><li><strong>8:00 &#8211; Hrub\u00fd \u0160\u00far &#8211; (ma\u010f.) <\/strong><\/li><li><strong>9:30 &#8211; Kostoln\u00e1 &#8211; (ma\u010f.) <\/strong><\/li><li><strong>11:00 &#8211; Kostoln\u00e1 &#8211; (slov.)<\/strong><\/li><\/ul>\n\n\n\n<p><strong>V t\u00fato nede\u013eu budem po\u017eehn\u00e1va\u0165 \u0161kolsk\u00e9 ta\u0161ky. Deti nech si ich prines\u00fa pred olt\u00e1r. Po &#8220;jeden\u00e1stke&#8221; v Kostolnej na farskom dvore bude pripraven\u00e9 pre deti pou\u010dn\u00e9 b\u00e1bkov\u00e9 divadlo o kozliatkach. <\/strong><\/p>\n\n\n\n<p>Tento t\u00fd\u017ede\u0148 budem spoveda\u0165: v utorok, stredu a \u0161tvrtok od 17:00 do 17:50 v Kostolnej pod pr\u00edstre\u0161kom na farskom dvore. Op\u00e4\u0165 poz\u00fdvam osobitne deti a ml\u00e1de\u017e za\u010da\u0165 \u0161kolsk\u00fd rok nov\u00fdm re\u0161tartom &#8211; sv\u00e4tou spove\u010fou. V tom istom \u010dase bude v kostole ador\u00e1cia. Chor\u00fdch budem spoveda\u0165 po domoch v piatok doobeda. V piatok bude ador\u00e1cia u\u017e od 16:30. Takisto bude v piatok aj pokra\u010dovanie duchovnej predn\u00e1\u0161ky s n\u00e1zvom: &#8220;D\u00f4stojnos\u0165 \u010dloveka z poh\u013eadu soci\u00e1lnej n\u00e1uky Cirkvi&#8221;. Predn\u00e1\u0161ka za\u010dne hne\u010f po sv\u00e4tej om\u0161i cca 18:40.<\/p>\n\n\n\n<p>Op\u00e4tovne pripom\u00ednam \u0161of\u00e9rom, \u017ee po\u010das v\u00edkendov je mo\u017en\u00e9 parkova\u0165 autami vzadu na farskej z\u00e1hrade s vchodom na konci m\u00faru smerom na Kr\u00e1\u013eov\u00fa. Ke\u010f\u017ee sa stavia nov\u00e9 oplotenie, d\u00e1vajte pros\u00edm pozor pri vstupe do are\u00e1lu, kde je do\u010dasne z\u00fa\u017een\u00fd vstupn\u00fd vjazd. \u010eakujem za porozumenie. <br><\/p>\n\n\n\n<p>V pr\u00edpade potreby ma nev\u00e1hajte kontaktova\u0165 aj telefonicky: 0902 359 859. Som tu pre V\u00c1S. <\/p>\n\n\n\n<p>S \u00factou, <br>Pavol Gajdo\u0161, v\u00e1\u0161 far\u00e1r<\/p>\n\t\t\t\t","protected":false},"excerpt":{"rendered":"<p>Je\u017ei\u0161 n\u00e1m dnes odha\u013euje tajomstvo \u010dist\u00e9ho \u017eivota. Dobro alebo zlo je z\u00e1le\u017eitos\u0165 toho, \u010do dovol\u00edme, aby z n\u00e1s vych\u00e1dzalo. Nezab\u00fadajme v\u0161ak na to, \u017ee v\u0161etky na\u0161e my\u0161lienky, skutky a aj charakter je ovplyvnen\u00fd t\u00fdm, \u010do prij\u00edmame, \u010do \u010d\u00edtame, pozer\u00e1me, pre\u017e\u00edvame. Ak sa budeme s\u00fdti\u0165 Bo\u017e\u00edm slovom, tak ono n\u00e1s m\u00e1 moc premeni\u0165 na Bo\u017eie deti. &#8230; <span class=\"more\"><a class=\"more-link\" href=\"https:\/\/www.farakostolna.sk\/?p=5666\">[\u010c\u00edta\u0165 \u010falej&#8230;]<\/a><\/span><\/p>\n","protected":false},"author":7,"featured_media":5667,"comment_status":"closed","ping_status":"closed","sticky":false,"template":"","format":"standard","meta":{"footnotes":""},"categories":[13],"tags":[],"class_list":{"0":"entry","1":"post","2":"publish","3":"author-slado89gmail-com","4":"has-excerpt","5":"has-more-link","6":"post-5666","8":"format-standard","9":"has-post-thumbnail","10":"category-oznamy"},"_links":{"self":[{"href":"https:\/\/www.farakostolna.sk\/index.php?rest_route=\/wp\/v2\/posts\/5666","targetHints":{"allow":["GET"]}}],"collection":[{"href":"https:\/\/www.farakostolna.sk\/index.php?rest_route=\/wp\/v2\/posts"}],"about":[{"href":"https:\/\/www.farakostolna.sk\/index.php?rest_route=\/wp\/v2\/types\/post"}],"author":[{"embeddable":true,"href":"https:\/\/www.farakostolna.sk\/index.php?rest_route=\/wp\/v2\/users\/7"}],"replies":[{"embeddable":true,"href":"https:\/\/www.farakostolna.sk\/index.php?rest_route=%2Fwp%2Fv2%2Fcomments&post=5666"}],"version-history":[{"count":0,"href":"https:\/\/www.farakostolna.sk\/index.php?rest_route=\/wp\/v2\/posts\/5666\/revisions"}],"wp:featuredmedia":[{"embeddable":true,"href":"https:\/\/www.farakostolna.sk\/index.php?rest_route=\/"}],"wp:attachment":[{"href":"https:\/\/www.farakostolna.sk\/index.php?rest_route=%2Fwp%2Fv2%2Fmedia&parent=5666"}],"wp:term":[{"taxonomy":"category","embeddable":true,"href":"https:\/\/www.farakostolna.sk\/index.php?rest_route=%2Fwp%2Fv2%2Fcategories&post=5666"},{"taxonomy":"post_tag","embeddable":true,"href":"https:\/\/www.farakostolna.sk\/index.php?rest_route=%2Fwp%2Fv2%2Ftags&post=5666"}],"curies":[{"name":"wp","href":"https:\/\/api.w.org\/{rel}","templated":true}]}}