{"id":5659,"date":"2021-08-20T19:52:08","date_gmt":"2021-08-20T19:52:08","guid":{"rendered":"http:\/\/kostolna.fara.sk\/?p=5659"},"modified":"2021-08-20T19:52:08","modified_gmt":"2021-08-20T19:52:08","slug":"farske-oznamy-a-zamyslenie-22-08-2021","status":"publish","type":"post","link":"https:\/\/www.farakostolna.sk\/?p=5659","title":{"rendered":"Farsk\u00e9 oznamy a zamyslenie (22.08.2021)"},"content":{"rendered":"\n\t\t\t\t\n\t\t\t\t\n<div class=\"wp-block-image\"><figure class=\"alignleft is-resized\"><img loading=\"lazy\" decoding=\"async\" src=\"http:\/\/kostolna.fara.sk\/wp-content\/uploads\/2021\/08\/WhatsApp-Image-2021-08-20-at-21.19.16-1024x532.jpeg\" alt=\"\" class=\"wp-image-5660\" width=\"437\" height=\"227\"\/><\/figure><\/div>\n\n\n\n<p>Neraz sme ako schizofrenici &#8211; raz kri\u010d\u00edme Pane, Pane, a ke\u010f treba zanecha\u0165 minulos\u0165, hriechy, star\u00e9ho \u010dloveka,\u2026 vtedy h\u013ead\u00e1me \u00fanik, \u0161pekulujeme a h\u013ead\u00e1me v\u00fdhovorky pre\u010do e\u0161te nie teraz, \u017ee je to tvrd\u00e1 re\u010d. Boh n\u00e1s vol\u00e1 k ve\u013ek\u00fdm veciam, chce v\u0161ak, aby sme mu d\u00f4verovali a kr\u00e1\u010dali s n\u00edm, aby sme kone\u010dne prijali z\u00e1v\u00e4zok aj v duchovnom \u017eivote, podobne, ako to robia man\u017eelia, ktor\u00ed sa vyd\u00e1vaj\u00fa na spolo\u010dn\u00fa \u017eivotn\u00fa cestu &#8211; aj oni maj\u00fa l\u00e1sku a d\u00f4veru &#8211; viac nepotrebuj\u00fa. Boh n\u00e1s vol\u00e1 &#8211; sta\u010d\u00ed ti moja milos\u0165. <\/p>\n\n\n<p><!--more--><\/p>\n\n\n<p><strong>Pozvanie na sv\u00e4t\u00e9 om\u0161e:<\/strong><\/p>\n\n\n\n<p><strong>sobota &#8211; 21. augusta (s nede\u013enou platnos\u0165ou) <\/strong><\/p>\n\n\n\n<ul class=\"wp-block-list\"><li><strong>16:00 &#8211; Hrub\u00fd \u0160\u00far &#8211; (ma\u010f.)<\/strong><\/li><li><strong>17:00 &#8211; Hrub\u00e1 Bor\u0161a &#8211; (slov. &#8211; ma\u010f.) <\/strong><\/li><li><strong>18:00 &#8211; Kostoln\u00e1 &#8211; (slov.) <\/strong><\/li><\/ul>\n\n\n\n<p><strong>nede\u013ea &#8211; 22. augusta <\/strong><\/p>\n\n\n\n<ul class=\"wp-block-list\"><li><strong>8:00 &#8211; Hrub\u00fd \u0160\u00far &#8211; (ma\u010f.) <\/strong><\/li><li><strong>9:30 &#8211; Kostoln\u00e1 &#8211; (ma\u010f.) <\/strong><\/li><li><strong>11:00 &#8211; Kostoln\u00e1 &#8211; (slov.)<\/strong><\/li><\/ul>\n\n\n\n<p>Tento t\u00fd\u017ede\u0148 budem spoveda\u0165 v utorok, stredu, \u0161tvrtok a v piatok od 17:00 do 17:50 v Kostolnej pod pr\u00edstre\u0161kom na farskom dvore. Poz\u00fdvam osobitne deti a ml\u00e1de\u017e za\u010da\u0165 \u0161kolsk\u00fd rok nov\u00fdm re\u0161tartom &#8211; sv\u00e4tou spove\u010fou. V tom istom \u010dase bude v v kostole ador\u00e1cia. <\/p>\n\n\n\n<p><strong>V piatok bude po ve\u010dernej sv\u00e4tej om\u0161i (od cca 18:45) modlitba chv\u00e1l. V\u0161etci sme pozvan\u00ed. <\/strong><\/p>\n\n\n\n<p><strong>Bud\u00facu nede\u013eu budem po\u017eehn\u00e1va\u0165 \u0161kolsk\u00e9 ta\u0161ky. Deti nech si ich prines\u00fa pred olt\u00e1r. Po &#8220;jeden\u00e1stke&#8221; v Kostolnej na farskom dvore bude pripraven\u00e9 pre deti pou\u010dn\u00e9 b\u00e1bkov\u00e9 divadlo o kozliatkach.<\/strong><\/p>\n\n\n\n<p>Op\u00e4tovne pripom\u00ednam \u0161of\u00e9rom, \u017ee po\u010das v\u00edkendov je mo\u017en\u00e9 parkova\u0165 autami vzadu na farskej z\u00e1hrade s vchodom na konci m\u00faru smerom na Kr\u00e1\u013eov\u00fa. Ke\u010f\u017ee sa pripravuje nov\u00e9 oplotenie, d\u00e1vajte pros\u00edm pozor pri vstupe do are\u00e1lu, kde je do\u010dasn\u00fd, ve\u013emi z\u00fa\u017een\u00fd vstupn\u00fd vjazd. \u010eakujem za porozumenie. <\/p>\n\n\n\n<p>V pr\u00edpade potreby ma nev\u00e1hajte kontaktova\u0165 aj telefonicky: 0902 359 859. Som tu pre V\u00c1S. <\/p>\n\n\n\n<p>S \u00factou, <br>Pavol Gajdo\u0161, v\u00e1\u0161 far\u00e1r<\/p>\n\t\t\t\t","protected":false},"excerpt":{"rendered":"<p>Neraz sme ako schizofrenici &#8211; raz kri\u010d\u00edme Pane, Pane, a ke\u010f treba zanecha\u0165 minulos\u0165, hriechy, star\u00e9ho \u010dloveka,\u2026 vtedy h\u013ead\u00e1me \u00fanik, \u0161pekulujeme a h\u013ead\u00e1me v\u00fdhovorky pre\u010do e\u0161te nie teraz, \u017ee je to tvrd\u00e1 re\u010d. Boh n\u00e1s vol\u00e1 k ve\u013ek\u00fdm veciam, chce v\u0161ak, aby sme mu d\u00f4verovali a kr\u00e1\u010dali s n\u00edm, aby sme kone\u010dne prijali z\u00e1v\u00e4zok aj &#8230; <span class=\"more\"><a class=\"more-link\" href=\"https:\/\/www.farakostolna.sk\/?p=5659\">[\u010c\u00edta\u0165 \u010falej&#8230;]<\/a><\/span><\/p>\n","protected":false},"author":7,"featured_media":5660,"comment_status":"closed","ping_status":"closed","sticky":false,"template":"","format":"standard","meta":{"footnotes":""},"categories":[13],"tags":[],"class_list":{"0":"entry","1":"post","2":"publish","3":"author-slado89gmail-com","4":"has-excerpt","5":"has-more-link","6":"post-5659","8":"format-standard","9":"has-post-thumbnail","10":"category-oznamy"},"_links":{"self":[{"href":"https:\/\/www.farakostolna.sk\/index.php?rest_route=\/wp\/v2\/posts\/5659","targetHints":{"allow":["GET"]}}],"collection":[{"href":"https:\/\/www.farakostolna.sk\/index.php?rest_route=\/wp\/v2\/posts"}],"about":[{"href":"https:\/\/www.farakostolna.sk\/index.php?rest_route=\/wp\/v2\/types\/post"}],"author":[{"embeddable":true,"href":"https:\/\/www.farakostolna.sk\/index.php?rest_route=\/wp\/v2\/users\/7"}],"replies":[{"embeddable":true,"href":"https:\/\/www.farakostolna.sk\/index.php?rest_route=%2Fwp%2Fv2%2Fcomments&post=5659"}],"version-history":[{"count":0,"href":"https:\/\/www.farakostolna.sk\/index.php?rest_route=\/wp\/v2\/posts\/5659\/revisions"}],"wp:featuredmedia":[{"embeddable":true,"href":"https:\/\/www.farakostolna.sk\/index.php?rest_route=\/"}],"wp:attachment":[{"href":"https:\/\/www.farakostolna.sk\/index.php?rest_route=%2Fwp%2Fv2%2Fmedia&parent=5659"}],"wp:term":[{"taxonomy":"category","embeddable":true,"href":"https:\/\/www.farakostolna.sk\/index.php?rest_route=%2Fwp%2Fv2%2Fcategories&post=5659"},{"taxonomy":"post_tag","embeddable":true,"href":"https:\/\/www.farakostolna.sk\/index.php?rest_route=%2Fwp%2Fv2%2Ftags&post=5659"}],"curies":[{"name":"wp","href":"https:\/\/api.w.org\/{rel}","templated":true}]}}