{"id":5653,"date":"2021-08-13T20:34:49","date_gmt":"2021-08-13T20:34:49","guid":{"rendered":"http:\/\/kostolna.fara.sk\/?p=5653"},"modified":"2021-08-13T20:34:49","modified_gmt":"2021-08-13T20:34:49","slug":"farske-oznamy-a-zamyslenie-15-08-2021","status":"publish","type":"post","link":"https:\/\/www.farakostolna.sk\/?p=5653","title":{"rendered":"Farsk\u00e9 oznamy a zamyslenie (15.08.2021)"},"content":{"rendered":"\n\t\t\t\t\n\t\t\t\t\n<div class=\"wp-block-image\"><figure class=\"alignleft\"><img decoding=\"async\" src=\"http:\/\/kostolna.fara.sk\/wp-content\/uploads\/2021\/08\/WhatsApp-Image-2021-08-13-at-22.20.45.jpeg\" alt=\"\" class=\"wp-image-5654\"\/><\/figure><\/div>\n\n\n\n<p>H\u013ea, slu\u017eobnica P\u00e1na &#8211; veta, ktor\u00e1 zmenila dejiny sveta. Boh \u010dak\u00e1 aj na na\u0161e \u00c1NO, aby mohol zmeni\u0165 n\u00e1\u0161 \u017eivot. <br>\nSme pripraven\u00ed da\u0165 mu s\u00fahlas, aby n\u00e1m vyjavil svoju v\u00f4\u013eu? Ak my mu d\u00e1me v\u0161etko, bez podmienok, \u2026 On n\u00e1m d\u00e1 miesto vo svojom kr\u00e1\u013eovstve.<\/p>\n\n\n\n<p>M\u00e1ria je n\u00e1m v tom nielen pr\u00edkladom, ale aj pomocnicou.<\/p>\n\n\n<p><!--more--><\/p>\n\n\n<p><strong>Pozvanie na sv\u00e4t\u00e9 om\u0161e:<\/strong><\/p>\n\n\n\n<p><strong>sobota &#8211; 14. augusta (s nede\u013enou platnos\u0165ou) <\/strong><\/p>\n\n\n\n<ul class=\"wp-block-list\"><li><strong>16:00 &#8211; Hrub\u00fd \u0160\u00far &#8211; (ma\u010f.)<\/strong><\/li><li><strong>17:00 &#8211; Hrub\u00e1 Bor\u0161a &#8211; (slov. &#8211; ma\u010f.) <\/strong><\/li><li><strong>18:00 &#8211; Kostoln\u00e1 &#8211; (slov.) <\/strong><\/li><\/ul>\n\n\n\n<p><strong>nede\u013ea &#8211; 15. augusta <\/strong><\/p>\n\n\n\n<ul class=\"wp-block-list\"><li><strong>8:00 &#8211; Hrub\u00fd \u0160\u00far &#8211; (ma\u010f.) <\/strong><\/li><li><strong>9:30 &#8211; Kostoln\u00e1 &#8211; (ma\u010f.) <\/strong><\/li><li><strong>11:00 &#8211; Kostoln\u00e1 &#8211; (slov.)<\/strong><\/li><\/ul>\n\n\n\n<p>Tento t\u00fd\u017ede\u0148 budem spoveda\u0165 v stredu a vo \u0161tvrtok od 17:00 do 17:50 v Kostolnej pod pr\u00edstre\u0161kom na farskom dvore. Ador\u00e1cia bude v stredu, \u0161tvrtok a v piatok v Kostolnej od 17:00 do sv\u00e4tej om\u0161e. <\/p>\n\n\n\n<p><strong>Tento v\u00edkend je zbierka na opravu farsk\u00e9ho kostola. Vopred \u010fakujem. <\/strong><br><\/p>\n\n\n\n<p>Oznam pre \u0161of\u00e9rov: Po\u010das v\u00edkendov je st\u00e1le mo\u017en\u00e9 parkova\u0165 autami vzadu na farskej z\u00e1hrade s vchodom na konci m\u00faru smerom na Kr\u00e1\u013eov\u00fa. Ke\u010f\u017ee sa pripravuje nov\u00e9 oplotenie, d\u00e1vajte pros\u00edm \u0161of\u00e9ri pozor pri vstupe do are\u00e1lu, kde je do\u010dasne z\u00fa\u017een\u00fd, ale vyzna\u010den\u00fd vstupn\u00fd vjazd. \u010eakujem za porozumenie. <\/p>\n\n\n\n<p>V pr\u00edpade potreby ma nev\u00e1hajte kontaktova\u0165 aj telefonicky: 0902 359 859. Som tu pre V\u00c1S. <\/p>\n\n\n\n<p>S \u00factou, <br>Pavol Gajdo\u0161, v\u00e1\u0161 far\u00e1r<\/p>\n\t\t\t\t","protected":false},"excerpt":{"rendered":"<p>H\u013ea, slu\u017eobnica P\u00e1na &#8211; veta, ktor\u00e1 zmenila dejiny sveta. Boh \u010dak\u00e1 aj na na\u0161e \u00c1NO, aby mohol zmeni\u0165 n\u00e1\u0161 \u017eivot. Sme pripraven\u00ed da\u0165 mu s\u00fahlas, aby n\u00e1m vyjavil svoju v\u00f4\u013eu? Ak my mu d\u00e1me v\u0161etko, bez podmienok, \u2026 On n\u00e1m d\u00e1 miesto vo svojom kr\u00e1\u013eovstve. M\u00e1ria je n\u00e1m v tom nielen pr\u00edkladom, ale aj pomocnicou.<\/p>\n","protected":false},"author":7,"featured_media":5654,"comment_status":"closed","ping_status":"closed","sticky":false,"template":"","format":"standard","meta":{"footnotes":""},"categories":[13],"tags":[],"class_list":{"0":"entry","1":"post","2":"publish","3":"author-slado89gmail-com","4":"has-excerpt","5":"has-more-link","6":"post-5653","8":"format-standard","9":"has-post-thumbnail","10":"category-oznamy"},"_links":{"self":[{"href":"https:\/\/www.farakostolna.sk\/index.php?rest_route=\/wp\/v2\/posts\/5653","targetHints":{"allow":["GET"]}}],"collection":[{"href":"https:\/\/www.farakostolna.sk\/index.php?rest_route=\/wp\/v2\/posts"}],"about":[{"href":"https:\/\/www.farakostolna.sk\/index.php?rest_route=\/wp\/v2\/types\/post"}],"author":[{"embeddable":true,"href":"https:\/\/www.farakostolna.sk\/index.php?rest_route=\/wp\/v2\/users\/7"}],"replies":[{"embeddable":true,"href":"https:\/\/www.farakostolna.sk\/index.php?rest_route=%2Fwp%2Fv2%2Fcomments&post=5653"}],"version-history":[{"count":0,"href":"https:\/\/www.farakostolna.sk\/index.php?rest_route=\/wp\/v2\/posts\/5653\/revisions"}],"wp:featuredmedia":[{"embeddable":true,"href":"https:\/\/www.farakostolna.sk\/index.php?rest_route=\/"}],"wp:attachment":[{"href":"https:\/\/www.farakostolna.sk\/index.php?rest_route=%2Fwp%2Fv2%2Fmedia&parent=5653"}],"wp:term":[{"taxonomy":"category","embeddable":true,"href":"https:\/\/www.farakostolna.sk\/index.php?rest_route=%2Fwp%2Fv2%2Fcategories&post=5653"},{"taxonomy":"post_tag","embeddable":true,"href":"https:\/\/www.farakostolna.sk\/index.php?rest_route=%2Fwp%2Fv2%2Ftags&post=5653"}],"curies":[{"name":"wp","href":"https:\/\/api.w.org\/{rel}","templated":true}]}}