{"id":5640,"date":"2021-07-30T20:57:49","date_gmt":"2021-07-30T20:57:49","guid":{"rendered":"http:\/\/kostolna.fara.sk\/?p=5640"},"modified":"2021-07-30T20:57:49","modified_gmt":"2021-07-30T20:57:49","slug":"farske-oznamy-a-zamyslenie-01-08-2021","status":"publish","type":"post","link":"https:\/\/www.farakostolna.sk\/?p=5640","title":{"rendered":"Farsk\u00e9 oznamy a zamyslenie (01.08.2021)"},"content":{"rendered":"\n\t\t\t\t\n\t\t\t\t\n<div class=\"wp-block-image\"><figure class=\"alignleft is-resized\"><img loading=\"lazy\" decoding=\"async\" src=\"http:\/\/kostolna.fara.sk\/wp-content\/uploads\/2021\/07\/abundance-of-bread-and-fish-1024x683.jpg\" alt=\"\" class=\"wp-image-5641\" width=\"463\" height=\"308\"\/><\/figure><\/div>\n\n\n\n<p>\u010co n\u00e1s \u0165ah\u00e1 k Je\u017ei\u0161ovi? Je to nas\u00fdtenie n\u00e1\u0161ho tela alebo ducha? Telesn\u00fd p\u00f4st dovo\u013euje viac s\u00fdti\u0165 ducha. Plat\u00ed to v\u0161ak aj opa\u010dne. &#8220;Pres\u00fdten\u00e9&#8221; telo \u0165a\u017eko prij\u00edma duchovn\u00e9 dobr\u00e1. <\/p>\n\n\n<p><!--more--><\/p>\n\n\n<p>V \u017eivote je d\u00f4le\u017eit\u00e9 vedie\u0165 n\u00e1js\u0165 rovnov\u00e1hu. Pr\u00edpadn\u00fd nedostatok m\u00f4\u017ee duchovne ub\u00edja\u0165 a v hojnosti hroz\u00ed, \u017ee Boha odlo\u017e\u00edme ako rezervu.<\/p>\n\n\n\n<p><strong>Pozvanie na sv\u00e4t\u00e9 om\u0161e:<\/strong><\/p>\n\n\n\n<p><strong>sobota &#8211; 31. j\u00fala (s nede\u013enou platnos\u0165ou) <\/strong><\/p>\n\n\n\n<ul class=\"wp-block-list\"><li><strong>15:30 &#8211; Hrub\u00fd \u0160\u00far &#8211; (ma\u010f.) \/sob\u00e1\u0161na\/<\/strong><\/li><li><strong>17:00 &#8211; Hrub\u00e1 Bor\u0161a &#8211; (slov. &#8211; ma\u010f.) <\/strong><\/li><li><strong>18:00 &#8211; Kostoln\u00e1 &#8211; (slov.) <\/strong><\/li><\/ul>\n\n\n\n<p><strong>nede\u013ea &#8211; 1. augusta <\/strong><\/p>\n\n\n\n<ul class=\"wp-block-list\"><li><strong>8:00 &#8211; Hrub\u00fd \u0160\u00far &#8211; (ma\u010f.) <\/strong><\/li><li><strong>9:30 &#8211; Kostoln\u00e1 &#8211; (ma\u010f.) <\/strong><\/li><li><strong>11:00 &#8211; Kostoln\u00e1 &#8211; (slov.)<\/strong><\/li><\/ul>\n\n\n\n<p>Tento t\u00fd\u017ede\u0148 v\u00e1m budem k sv\u00e4tej spovedi op\u00e4\u0165 k dispoz\u00edcii: v utorok, stredu a vo \u0161tvrtok od 17:00 do 17:50 v Kostolnej pod pr\u00edstre\u0161kom na farskom dvore. Ador\u00e1cia bude v utorok, stredu, \u0161tvrtok a v piatok v Kostolnej od 17:00 do sv\u00e4tej om\u0161e. Chor\u00fdch budem spoveda\u0165 po domoch doobeda v piatok. <\/p>\n\n\n\n<p><strong>Bud\u00facu nede\u013eu &#8211; 8. augusta &#8211; na obidvoch sv\u00e4t\u00fdch om\u0161iach v Kostolnej (9:30 a 11:00) bude svojim spevom spestrova\u0165 liturgiu zn\u00e1my nevidiaci spev\u00e1k Maro\u0161 Banga. Pr\u00ed\u010fte sa aj kult\u00farne obohati\u0165, te\u0161\u00edme sa na V\u00c1S.<\/strong><br><\/p>\n\n\n\n<p>V pr\u00edpade potreby ma nev\u00e1hajte kontaktova\u0165 aj telefonicky: 0902 359 859. Som tu pre V\u00c1S. <\/p>\n\n\n\n<p>S \u00factou, <br>Pavol Gajdo\u0161, v\u00e1\u0161 far\u00e1r<\/p>\n\t\t\t\t","protected":false},"excerpt":{"rendered":"<p>\u010co n\u00e1s \u0165ah\u00e1 k Je\u017ei\u0161ovi? Je to nas\u00fdtenie n\u00e1\u0161ho tela alebo ducha? Telesn\u00fd p\u00f4st dovo\u013euje viac s\u00fdti\u0165 ducha. Plat\u00ed to v\u0161ak aj opa\u010dne. &#8220;Pres\u00fdten\u00e9&#8221; telo \u0165a\u017eko prij\u00edma duchovn\u00e9 dobr\u00e1.<\/p>\n","protected":false},"author":7,"featured_media":5641,"comment_status":"closed","ping_status":"closed","sticky":false,"template":"","format":"standard","meta":{"footnotes":""},"categories":[13],"tags":[],"class_list":{"0":"entry","1":"post","2":"publish","3":"author-slado89gmail-com","4":"has-excerpt","5":"has-more-link","6":"post-5640","8":"format-standard","9":"has-post-thumbnail","10":"category-oznamy"},"_links":{"self":[{"href":"https:\/\/www.farakostolna.sk\/index.php?rest_route=\/wp\/v2\/posts\/5640","targetHints":{"allow":["GET"]}}],"collection":[{"href":"https:\/\/www.farakostolna.sk\/index.php?rest_route=\/wp\/v2\/posts"}],"about":[{"href":"https:\/\/www.farakostolna.sk\/index.php?rest_route=\/wp\/v2\/types\/post"}],"author":[{"embeddable":true,"href":"https:\/\/www.farakostolna.sk\/index.php?rest_route=\/wp\/v2\/users\/7"}],"replies":[{"embeddable":true,"href":"https:\/\/www.farakostolna.sk\/index.php?rest_route=%2Fwp%2Fv2%2Fcomments&post=5640"}],"version-history":[{"count":0,"href":"https:\/\/www.farakostolna.sk\/index.php?rest_route=\/wp\/v2\/posts\/5640\/revisions"}],"wp:featuredmedia":[{"embeddable":true,"href":"https:\/\/www.farakostolna.sk\/index.php?rest_route=\/"}],"wp:attachment":[{"href":"https:\/\/www.farakostolna.sk\/index.php?rest_route=%2Fwp%2Fv2%2Fmedia&parent=5640"}],"wp:term":[{"taxonomy":"category","embeddable":true,"href":"https:\/\/www.farakostolna.sk\/index.php?rest_route=%2Fwp%2Fv2%2Fcategories&post=5640"},{"taxonomy":"post_tag","embeddable":true,"href":"https:\/\/www.farakostolna.sk\/index.php?rest_route=%2Fwp%2Fv2%2Ftags&post=5640"}],"curies":[{"name":"wp","href":"https:\/\/api.w.org\/{rel}","templated":true}]}}