{"id":5619,"date":"2021-07-16T21:23:13","date_gmt":"2021-07-16T21:23:13","guid":{"rendered":"http:\/\/kostolna.fara.sk\/?p=5619"},"modified":"2021-07-16T21:23:13","modified_gmt":"2021-07-16T21:23:13","slug":"farske-oznamy-a-zamyslenie-18-07-2021","status":"publish","type":"post","link":"https:\/\/www.farakostolna.sk\/?p=5619","title":{"rendered":"Farsk\u00e9 oznamy a zamyslenie (18.07.2021)"},"content":{"rendered":"\n\t\t\t\t\n\t\t\t\t\n<div class=\"wp-block-image\"><figure class=\"alignleft is-resized\"><img loading=\"lazy\" decoding=\"async\" src=\"http:\/\/kostolna.fara.sk\/wp-content\/uploads\/2021\/07\/jesus-teaching.jpg\" alt=\"\" class=\"wp-image-5620\" width=\"440\" height=\"247\"\/><\/figure><\/div>\n\n\n\n<p>Ur\u010dite ste mali niekedy ve\u013ek\u00fa t\u00fa\u017ebu po zdie\u013ean\u00ed, ke\u010f ste za\u017eili nie\u010do v\u00fdnimo\u010dn\u00e9. Leto je pln\u00e9 z\u00e1\u017eitkov, o ktor\u00e9 sa t\u00fa\u017eime podeli\u0165. Apo\u0161toli sa vr\u00e1tili z misijn\u00fdch ciest a zdie\u013eali sa s Je\u017ei\u0161om o svoje sk\u00fasenosti. M\u00e1me aj my tak\u00fato t\u00fa\u017ebu? Nehanb\u00edme sa?<\/p>\n\n\n<p><!--more--><\/p>\n\n\n<p>Jednou z d\u00f4le\u017eit\u00fdch foriem, nielen duchovn\u00e9ho, rastu je zdie\u013eanie &#8211; podelenie sa o vn\u00fatorn\u00fd svet. Toto n\u00e1m dnes ve\u013emi ch\u00fdba &#8211; rozpr\u00e1va\u0165 o veciach, ktor\u00e9 \u010dasto nevidie\u0165, ale ich za\u017e\u00edvame, s\u00fa re\u00e1lne. V \u017eivote s Bohom je ve\u013ea vec\u00ed, ktor\u00e9 potrebujeme zdie\u013ea\u0165, aby sme povzbudili ostatn\u00fdch vo viere a seba uistili, \u017ee to nie s\u00fa preludy. Nebojme sa rozpr\u00e1va\u0165 o svojich duchovn\u00fdch sk\u00fasenostiach &#8211; za\u010dnime v rodine, pokra\u010dujme medzi bl\u00edzkymi a nezastavme sa ani pri nezn\u00e1mych \u013eu\u010foch\u2026 <\/p>\n\n\n\n<p>Toto s\u00fa veci, na ktor\u00fdch stoja a padaj\u00fa vz\u0165ahy &#8211; priate\u013esk\u00e9, man\u017eelsk\u00e9, rodinn\u00e9,\u2026 ak nast\u00e1va odcudzenie, tak je to pr\u00e1ve z nekomunikovania vn\u00fatorn\u00e9ho sveta.<\/p>\n\n\n\n<p><strong>Pozvanie na sv\u00e4t\u00e9 om\u0161e:<\/strong><\/p>\n\n\n\n<p><strong>sobota &#8211; 17. j\u00fala (s nede\u013enou platnos\u0165ou) <\/strong><\/p>\n\n\n\n<ul class=\"wp-block-list\"><li><strong>15:00 &#8211; Kostoln\u00e1 &#8211; (ma\u010f.) \/sob\u00e1\u0161na\/<\/strong><\/li><li><strong>16:00 &#8211; Hrub\u00fd \u0160\u00far &#8211; (ma\u010f.) <\/strong><\/li><li><strong>17:00 &#8211; Hrub\u00e1 Bor\u0161a &#8211; (slov. &#8211; ma\u010f.) <\/strong><\/li><li><strong>18:00 &#8211; Kostoln\u00e1 &#8211; (slov.) <\/strong><\/li><\/ul>\n\n\n\n<p><strong>nede\u013ea &#8211; 18. j\u00fala<\/strong><\/p>\n\n\n\n<ul class=\"wp-block-list\"><li><strong>8:00 &#8211; Hrub\u00fd \u0160\u00far &#8211; (ma\u010f.) <\/strong><\/li><li><strong>9:30 &#8211; Kostoln\u00e1 &#8211; (ma\u010f.) <\/strong><\/li><li><strong>11:00 &#8211; Kostoln\u00e1 &#8211; (slov.)<\/strong><\/li><\/ul>\n\n\n\n<p><strong>Tento v\u00edkend je pravideln\u00e1 mesa\u010dn\u00e1 zbierka na opravu farsk\u00e9ho kostola. Vopred \u010fakujem. <\/strong><br><br>V pr\u00edpade potreby ma nev\u00e1hajte kontaktova\u0165 aj telefonicky: 0902 359 859.<\/p>\n\n\n\n<p>S \u00factou, <br>Pavol Gajdo\u0161, v\u00e1\u0161 far\u00e1r<\/p>\n\t\t\t\t","protected":false},"excerpt":{"rendered":"<p>Ur\u010dite ste mali niekedy ve\u013ek\u00fa t\u00fa\u017ebu po zdie\u013ean\u00ed, ke\u010f ste za\u017eili nie\u010do v\u00fdnimo\u010dn\u00e9. Leto je pln\u00e9 z\u00e1\u017eitkov, o ktor\u00e9 sa t\u00fa\u017eime podeli\u0165. Apo\u0161toli sa vr\u00e1tili z misijn\u00fdch ciest a zdie\u013eali sa s Je\u017ei\u0161om o svoje sk\u00fasenosti. M\u00e1me aj my tak\u00fato t\u00fa\u017ebu? Nehanb\u00edme sa?<\/p>\n","protected":false},"author":7,"featured_media":5620,"comment_status":"closed","ping_status":"closed","sticky":false,"template":"","format":"standard","meta":{"footnotes":""},"categories":[13],"tags":[],"class_list":{"0":"entry","1":"post","2":"publish","3":"author-slado89gmail-com","4":"has-excerpt","5":"has-more-link","6":"post-5619","8":"format-standard","9":"has-post-thumbnail","10":"category-oznamy"},"_links":{"self":[{"href":"https:\/\/www.farakostolna.sk\/index.php?rest_route=\/wp\/v2\/posts\/5619","targetHints":{"allow":["GET"]}}],"collection":[{"href":"https:\/\/www.farakostolna.sk\/index.php?rest_route=\/wp\/v2\/posts"}],"about":[{"href":"https:\/\/www.farakostolna.sk\/index.php?rest_route=\/wp\/v2\/types\/post"}],"author":[{"embeddable":true,"href":"https:\/\/www.farakostolna.sk\/index.php?rest_route=\/wp\/v2\/users\/7"}],"replies":[{"embeddable":true,"href":"https:\/\/www.farakostolna.sk\/index.php?rest_route=%2Fwp%2Fv2%2Fcomments&post=5619"}],"version-history":[{"count":0,"href":"https:\/\/www.farakostolna.sk\/index.php?rest_route=\/wp\/v2\/posts\/5619\/revisions"}],"wp:featuredmedia":[{"embeddable":true,"href":"https:\/\/www.farakostolna.sk\/index.php?rest_route=\/"}],"wp:attachment":[{"href":"https:\/\/www.farakostolna.sk\/index.php?rest_route=%2Fwp%2Fv2%2Fmedia&parent=5619"}],"wp:term":[{"taxonomy":"category","embeddable":true,"href":"https:\/\/www.farakostolna.sk\/index.php?rest_route=%2Fwp%2Fv2%2Fcategories&post=5619"},{"taxonomy":"post_tag","embeddable":true,"href":"https:\/\/www.farakostolna.sk\/index.php?rest_route=%2Fwp%2Fv2%2Ftags&post=5619"}],"curies":[{"name":"wp","href":"https:\/\/api.w.org\/{rel}","templated":true}]}}