{"id":5606,"date":"2021-07-02T20:30:48","date_gmt":"2021-07-02T20:30:48","guid":{"rendered":"http:\/\/kostolna.fara.sk\/?p=5606"},"modified":"2021-07-02T20:30:48","modified_gmt":"2021-07-02T20:30:48","slug":"farske-oznamy-a-zamyslenie-04-07-2021","status":"publish","type":"post","link":"https:\/\/www.farakostolna.sk\/?p=5606","title":{"rendered":"Farsk\u00e9 oznamy a zamyslenie (04.07.2021)"},"content":{"rendered":"\n\t\t\t\t\n\t\t\t\t\n<div class=\"wp-block-image\"><figure class=\"alignleft is-resized\"><img loading=\"lazy\" decoding=\"async\" src=\"http:\/\/kostolna.fara.sk\/wp-content\/uploads\/2021\/07\/bible_pictures_jesus_messiah-1024x681.jpeg\" alt=\"\" class=\"wp-image-5607\" width=\"401\" height=\"266\"\/><\/figure><\/div>\n\n\n\n<p>K\u00fdm je pre n\u00e1s Je\u017ei\u0161? Je pre n\u00e1s prorokom a u\u010dite\u013eom len v kostole, alebo sa n\u00edm nech\u00e1me usmer\u0148ova\u0165 aj &#8220;vonku&#8221;? Je\u017ei\u0161 pri\u0161iel do synag\u00f3gy u\u010di\u0165 a pokra\u010doval v tom aj po tom, \u010do ho nechceli prija\u0165. My bu\u010fme trpezliv\u00ed v po\u010d\u00favan\u00ed.<\/p>\n\n\n\n<p>Je\u017ei\u0161 n\u00e1s chce u\u010di\u0165 v\u0161ade a v\u017edy. M\u00e1 pre n\u00e1s odpovede pre v\u0161etky na\u0161e ot\u00e1zky. Je na n\u00e1s, \u010di sa nech\u00e1me n\u00edm u\u010di\u0165 alebo si budeme h\u013eada\u0165 v\u00fdhovorky.<\/p>\n\n\n<p><!--more--><\/p>\n\n\n<p><strong>Pozvanie na sv\u00e4t\u00e9 om\u0161e:<\/strong><\/p>\n\n\n\n<p><strong>sobota &#8211; 3. j\u00fala (s nede\u013enou platnos\u0165ou) <\/strong><\/p>\n\n\n\n<ul class=\"wp-block-list\"><li><strong>Hrub\u00fd \u0160\u00far: 16:00 (ma\u010f.) <\/strong><\/li><li><strong>Hrub\u00e1 Bor\u0161a: 17:00 (slov. &#8211; ma\u010f.) <\/strong><\/li><li><strong>Kostoln\u00e1: 18:00 (slov.) <\/strong><\/li><\/ul>\n\n\n\n<p><strong>nede\u013ea &#8211; 4. j\u00fala<\/strong><\/p>\n\n\n\n<ul class=\"wp-block-list\"><li><strong>Hrub\u00fd \u0160\u00far: 8:00 (ma\u010f.) <\/strong><\/li><li><strong>Kostoln\u00e1: 9:30 (ma\u010f.) <\/strong><\/li><li><strong>Kostoln\u00e1: 11:00 (slov.)<\/strong><\/li><\/ul>\n\n\n\n<p>K sviatosti zmierenia budem k dispoz\u00edcii tento t\u00fd\u017ede\u0148 vo \u0161tvrtok od 17:30 do 18:00. <\/p>\n\n\n\n<p>Ador\u00e1cia bude v piatok vo farskom kostole od 17:30 do ve\u010dernej sv\u00e4tej om\u0161e.<\/p>\n\n\n\n<p>Minulot\u00fd\u017ed\u0148ov\u00e1 zbierka na dobro\u010dinn\u00e9 diela Sv\u00e4t\u00e9ho Otca (predt\u00fdm sa zvykla vola\u0165 Halier sv. Petra) vyniesla v na\u0161ej farnosti 509,27 \u20ac. Peniaze som vo \u0161tvrtok preposlal na dan\u00fd \u00fa\u010det. Tieto prostriedky Sv\u00e4t\u00fd Otec potom rozde\u013euje pre potreby najchudobnej\u0161\u00edch diec\u00e9z vo svete.<\/p>\n\n\n\n<p>V pr\u00edpade potreby ma nev\u00e1hajte kontaktova\u0165 aj telefonicky: 0902 359 859. Po\u017eehnan\u00fd \u010das dovoleniek v\u00e1m prajem.<br><br>S \u00factou, <br>Pavol Gajdo\u0161, v\u00e1\u0161 far\u00e1r<\/p>\n\t\t\t\t","protected":false},"excerpt":{"rendered":"<p>K\u00fdm je pre n\u00e1s Je\u017ei\u0161? Je pre n\u00e1s prorokom a u\u010dite\u013eom len v kostole, alebo sa n\u00edm nech\u00e1me usmer\u0148ova\u0165 aj &#8220;vonku&#8221;? Je\u017ei\u0161 pri\u0161iel do synag\u00f3gy u\u010di\u0165 a pokra\u010doval v tom aj po tom, \u010do ho nechceli prija\u0165. My bu\u010fme trpezliv\u00ed v po\u010d\u00favan\u00ed. Je\u017ei\u0161 n\u00e1s chce u\u010di\u0165 v\u0161ade a v\u017edy. M\u00e1 pre n\u00e1s odpovede pre v\u0161etky &#8230; <span class=\"more\"><a class=\"more-link\" href=\"https:\/\/www.farakostolna.sk\/?p=5606\">[\u010c\u00edta\u0165 \u010falej&#8230;]<\/a><\/span><\/p>\n","protected":false},"author":7,"featured_media":5607,"comment_status":"closed","ping_status":"closed","sticky":false,"template":"","format":"standard","meta":{"footnotes":""},"categories":[13],"tags":[],"class_list":{"0":"entry","1":"post","2":"publish","3":"author-slado89gmail-com","4":"has-excerpt","5":"has-more-link","6":"post-5606","8":"format-standard","9":"has-post-thumbnail","10":"category-oznamy"},"_links":{"self":[{"href":"https:\/\/www.farakostolna.sk\/index.php?rest_route=\/wp\/v2\/posts\/5606","targetHints":{"allow":["GET"]}}],"collection":[{"href":"https:\/\/www.farakostolna.sk\/index.php?rest_route=\/wp\/v2\/posts"}],"about":[{"href":"https:\/\/www.farakostolna.sk\/index.php?rest_route=\/wp\/v2\/types\/post"}],"author":[{"embeddable":true,"href":"https:\/\/www.farakostolna.sk\/index.php?rest_route=\/wp\/v2\/users\/7"}],"replies":[{"embeddable":true,"href":"https:\/\/www.farakostolna.sk\/index.php?rest_route=%2Fwp%2Fv2%2Fcomments&post=5606"}],"version-history":[{"count":0,"href":"https:\/\/www.farakostolna.sk\/index.php?rest_route=\/wp\/v2\/posts\/5606\/revisions"}],"wp:featuredmedia":[{"embeddable":true,"href":"https:\/\/www.farakostolna.sk\/index.php?rest_route=\/"}],"wp:attachment":[{"href":"https:\/\/www.farakostolna.sk\/index.php?rest_route=%2Fwp%2Fv2%2Fmedia&parent=5606"}],"wp:term":[{"taxonomy":"category","embeddable":true,"href":"https:\/\/www.farakostolna.sk\/index.php?rest_route=%2Fwp%2Fv2%2Fcategories&post=5606"},{"taxonomy":"post_tag","embeddable":true,"href":"https:\/\/www.farakostolna.sk\/index.php?rest_route=%2Fwp%2Fv2%2Ftags&post=5606"}],"curies":[{"name":"wp","href":"https:\/\/api.w.org\/{rel}","templated":true}]}}