{"id":5599,"date":"2021-06-25T21:38:56","date_gmt":"2021-06-25T21:38:56","guid":{"rendered":"http:\/\/kostolna.fara.sk\/?p=5599"},"modified":"2021-06-25T21:38:56","modified_gmt":"2021-06-25T21:38:56","slug":"farske-oznamy-a-zamyslenie-27-06-2021","status":"publish","type":"post","link":"https:\/\/www.farakostolna.sk\/?p=5599","title":{"rendered":"Farsk\u00e9 oznamy a zamyslenie (27.06.2021)"},"content":{"rendered":"\n\t\t\t\t\n\t\t\t\t\n<div class=\"wp-block-image\"><figure class=\"alignleft is-resized\"><img loading=\"lazy\" decoding=\"async\" src=\"http:\/\/kostolna.fara.sk\/wp-content\/uploads\/2021\/06\/miracles_of_jesus_daughter_of_jairus-2-1024x681.jpeg\" alt=\"\" class=\"wp-image-5600\" width=\"446\" height=\"296\"\/><\/figure><\/div>\n\n\n\n<p>Ako dobre sa n\u00e1m po\u010d\u00favaj\u00fa slov\u00e1: &#8220;Diev\u010da, hovor\u00edm Ti vsta\u0148&#8221;, ke\u010f pozn\u00e1me happy end. Vtedy sme na strane Boha a prizn\u00e1vame sa k Nemu, sme hrd\u00ed kres\u0165ania pln\u00ed sily a odvahy. V na\u0161om \u017eivote v\u0161ak nie v\u0161etko kon\u010d\u00ed takto pozit\u00edvne. Vtedy potrebujeme po\u010du\u0165 Je\u017ei\u0161ove slov\u00e1: &#8220;Neboj sa, len ver&#8221;. Vtedy prich\u00e1dza hodina pravdy, ktor\u00e1 \u010dist\u00ed na\u0161u vieru. <\/p>\n\n\n<p><!--more--><\/p>\n\n\n<p>Mnoh\u00e9 \u0165a\u017ek\u00e9 sk\u00fa\u0161ky a situ\u00e1cie pochop\u00edme a\u017e s odstupom \u010dasu a mo\u017eno a\u017e vo ve\u010dnosti. Je na n\u00e1s, \u010do z nich vy\u0165a\u017e\u00edme, aby na\u0161a viera r\u00e1stla a bola plodn\u00e1. Boh chce, aby sme mu boli vern\u00ed &#8211; aj ke\u010f mu vykri\u010d\u00edme na\u0161e kr\u00ed\u017ee, zosta\u0148me mu vern\u00ed. Pr\u00e1ve v tak\u00fdchto \u017eivotn\u00fdch sk\u00fa\u0161kach sa cibria na\u0161e vz\u0165ahy s bl\u00edzkymi &#8211; nast\u00e1va \u010distenie. Bu\u010fme pripraven\u00ed nies\u0165 si vz\u00e1jomne kr\u00ed\u017ee, ve\u010f Boh n\u00e1s stvoril pre vz\u0165ahy &#8211; v nich m\u00f4\u017eeme spolo\u010dne r\u00e1s\u0165 ove\u013ea efekt\u00edvnej\u0161ie.<\/p>\n\n\n\n<p><strong>Pozvanie na sv\u00e4t\u00e9 om\u0161e:<\/strong><\/p>\n\n\n\n<p><strong>sobota &#8211; 26. j\u00fana (s nede\u013enou platnos\u0165ou) <\/strong><\/p>\n\n\n\n<ul class=\"wp-block-list\"><li><strong>Hrub\u00fd \u0160\u00far: 16:00 (ma\u010f.) <\/strong><\/li><li><strong>Hrub\u00e1 Bor\u0161a: 17:00 (slov. &#8211; ma\u010f.) <\/strong><\/li><li><strong>Kostoln\u00e1: 18:00 (slov.) <\/strong><\/li><\/ul>\n\n\n\n<p><strong>nede\u013ea &#8211; 27. j\u00fana<\/strong><\/p>\n\n\n\n<ul class=\"wp-block-list\"><li><strong>Hrub\u00fd \u0160\u00far: 8:00 (ma\u010f.) <\/strong><\/li><li><strong>Kostoln\u00e1: 9:30 (ma\u010f.) <\/strong><\/li><li><strong>Kostoln\u00e1: 11:00 (slov.)<\/strong><\/li><\/ul>\n\n\n\n<p>K&nbsp;sviatosti zmierenia budem k&nbsp;dispoz\u00edcii tento t\u00fd\u017ede\u0148 v&nbsp;stredu a&nbsp;vo \u0161tvrtok od 17:30 do 18:00. Chor\u00fdch budem spoveda\u0165 v&nbsp;piatok v&nbsp;Kostolnej od 8:00 do 10:00 a&nbsp;v&nbsp;Hrubom \u0160\u00fare od 10:00 do 12:00.<br><br>Ador\u00e1cia bude v piatok vo farskom kostole od 16:30 do ve\u010dernej sv\u00e4tej om\u0161e.<\/p>\n\n\n\n<p>Tento v\u00edkend m\u00e1me ka\u017edoro\u010dn\u00fa zbierku na dobro\u010dinn\u00e9 diela Sv\u00e4t\u00e9ho Otca (predt\u00fdm sa zvykla vola\u0165 Halier sv. Petra). Takto z\u00edskan\u00e9 prostriedky Sv\u00e4t\u00fd Otec potom rozde\u013euje pre potreby najchudobnej\u0161\u00edch diec\u00e9z vo svete. Vopred \u010fakujem.<\/p>\n\n\n\n<p>Poz\u00fdvame v\u00e1s na modlitbu spolo\u010denstva Modlitby matiek do Kostolnej teraz v&nbsp;nede\u013eu o 15:00. Po nej bude na farskej z\u00e1hrade agap\u00e9 k&nbsp;ukon\u010deniu \u0161kolsk\u00e9ho roka. V\u0161etci sme pozvan\u00ed!<\/p>\n\n\n\n<p><strong>Pripom\u00ednam, \u017ee v utorok m\u00e1me cirkevne prik\u00e1zan\u00fd sviatok  &#8211; sv. Petra a Pavla. U n\u00e1s bud\u00fa sv\u00e4t\u00e9 om\u0161e nasledovne:<\/strong><\/p>\n\n\n\n<p><strong>29. j\u00fana 2021:<\/strong><\/p>\n\n\n\n<ul class=\"wp-block-list\"><li><strong>Hrub\u00e1 Bor\u0161a: 16:00 (slov.-ma\u010f.)<\/strong><\/li><li><strong>Hrub\u00fd \u0160\u00far: 17:00 (ma\u010f.) <\/strong><\/li><li><strong>Kostoln\u00e1: 18:00 (slov.) <\/strong><\/li><li><strong>Kostoln\u00e1: 19:00 (ma\u010f.)<\/strong><\/li><\/ul>\n\n\n\n<p>V stredu bude sv\u00e4t\u00e1 om\u0161a pre deti v ma\u010farskom jazyku k z\u00e1veru \u0161kolsk\u00e9ho roka. <\/p>\n\n\n\n<p>Na z\u00e1klade rozhodnutia Konferencie biskupov Slovenska v\u0161eobecn\u00fd di\u0161penz od povinnej \u00fa\u010dasti na nede\u013en\u00fdch bohoslu\u017eb\u00e1ch a prik\u00e1zan\u00fdch sl\u00e1veniach strat\u00ed svoju platnos\u0165 30. j\u00fana 2021. Otcovia biskupi povzbudzuj\u00fa veriacich, aby sa v\u0161ade tam, kde to podmienky umo\u017e\u0148uj\u00fa, \u010do najsk\u00f4r vr\u00e1tili k osobnej \u00fa\u010dasti na bohoslu\u017eb\u00e1ch. Povinnos\u0165 \u00fa\u010dasti nebude zav\u00e4zova\u0165 veriacich, pre ktor\u00fdch n\u00e1v\u0161teva chr\u00e1mu m\u00f4\u017ee znamena\u0165 zv\u00fd\u0161en\u00e9 zdravotn\u00e9 riziko, a samozrejme t\u00fdch, ktor\u00fdm pr\u00edtomnos\u0165 neumo\u017enia lok\u00e1lne okolnosti, napr\u00edklad zhor\u0161en\u00e1 epidemick\u00e1 situ\u00e1cia.<\/p>\n\n\n\n<p>S \u00factou, <br>Pavol Gajdo\u0161, v\u00e1\u0161 far\u00e1r<\/p>\n\t\t\t\t","protected":false},"excerpt":{"rendered":"<p>Ako dobre sa n\u00e1m po\u010d\u00favaj\u00fa slov\u00e1: &#8220;Diev\u010da, hovor\u00edm Ti vsta\u0148&#8221;, ke\u010f pozn\u00e1me happy end. Vtedy sme na strane Boha a prizn\u00e1vame sa k Nemu, sme hrd\u00ed kres\u0165ania pln\u00ed sily a odvahy. V na\u0161om \u017eivote v\u0161ak nie v\u0161etko kon\u010d\u00ed takto pozit\u00edvne. Vtedy potrebujeme po\u010du\u0165 Je\u017ei\u0161ove slov\u00e1: &#8220;Neboj sa, len ver&#8221;. Vtedy prich\u00e1dza hodina pravdy, ktor\u00e1 \u010dist\u00ed &#8230; <span class=\"more\"><a class=\"more-link\" href=\"https:\/\/www.farakostolna.sk\/?p=5599\">[\u010c\u00edta\u0165 \u010falej&#8230;]<\/a><\/span><\/p>\n","protected":false},"author":7,"featured_media":5600,"comment_status":"closed","ping_status":"closed","sticky":false,"template":"","format":"standard","meta":{"footnotes":""},"categories":[13],"tags":[],"class_list":{"0":"entry","1":"post","2":"publish","3":"author-slado89gmail-com","4":"has-excerpt","5":"has-more-link","6":"post-5599","8":"format-standard","9":"has-post-thumbnail","10":"category-oznamy"},"_links":{"self":[{"href":"https:\/\/www.farakostolna.sk\/index.php?rest_route=\/wp\/v2\/posts\/5599","targetHints":{"allow":["GET"]}}],"collection":[{"href":"https:\/\/www.farakostolna.sk\/index.php?rest_route=\/wp\/v2\/posts"}],"about":[{"href":"https:\/\/www.farakostolna.sk\/index.php?rest_route=\/wp\/v2\/types\/post"}],"author":[{"embeddable":true,"href":"https:\/\/www.farakostolna.sk\/index.php?rest_route=\/wp\/v2\/users\/7"}],"replies":[{"embeddable":true,"href":"https:\/\/www.farakostolna.sk\/index.php?rest_route=%2Fwp%2Fv2%2Fcomments&post=5599"}],"version-history":[{"count":0,"href":"https:\/\/www.farakostolna.sk\/index.php?rest_route=\/wp\/v2\/posts\/5599\/revisions"}],"wp:featuredmedia":[{"embeddable":true,"href":"https:\/\/www.farakostolna.sk\/index.php?rest_route=\/"}],"wp:attachment":[{"href":"https:\/\/www.farakostolna.sk\/index.php?rest_route=%2Fwp%2Fv2%2Fmedia&parent=5599"}],"wp:term":[{"taxonomy":"category","embeddable":true,"href":"https:\/\/www.farakostolna.sk\/index.php?rest_route=%2Fwp%2Fv2%2Fcategories&post=5599"},{"taxonomy":"post_tag","embeddable":true,"href":"https:\/\/www.farakostolna.sk\/index.php?rest_route=%2Fwp%2Fv2%2Ftags&post=5599"}],"curies":[{"name":"wp","href":"https:\/\/api.w.org\/{rel}","templated":true}]}}