{"id":5593,"date":"2021-06-18T19:53:54","date_gmt":"2021-06-18T19:53:54","guid":{"rendered":"http:\/\/kostolna.fara.sk\/?p=5593"},"modified":"2021-06-18T19:53:54","modified_gmt":"2021-06-18T19:53:54","slug":"farske-oznamy-a-zamyslenie-20-06-2021","status":"publish","type":"post","link":"https:\/\/www.farakostolna.sk\/?p=5593","title":{"rendered":"Farsk\u00e9 oznamy a zamyslenie (20.06.2021)"},"content":{"rendered":"\n\t\t\t\t\n\t\t\t\t\n<div class=\"wp-block-image\"><figure class=\"alignleft\"><img decoding=\"async\" src=\"http:\/\/kostolna.fara.sk\/wp-content\/uploads\/2021\/06\/apostles_fishing_boat_night-1024x510.jpeg\" alt=\"\" class=\"wp-image-5594\"\/><\/figure><\/div>\n\n\n\n<p>Strach a viera. Dve spojen\u00e9 n\u00e1doby. \u010c\u00edm menej viery, t\u00fdm viac strachu. Ako z \u201ekruhu\u201c von? Zvolajme na Je\u017ei\u0161a, \u010di vie o n\u00e1s. Ne\u010dakajme na b\u00farku, ktor\u00e1 n\u00e1s k tomu don\u00fati \u2013 to m\u00f4\u017ee by\u0165 u\u017e neskoro.<\/p>\n\n\n\n<p>Nepestujme ani zlozvyk, ktor\u00fd m\u00e1me mo\u017eno z medzi\u013eudsk\u00fdch vz\u0165ahov, ke\u010f za\u010dneme komunikova\u0165 a\u017e ke\u010f je zle a \u201etop\u00edme\u201c sa. Hovorme mu v modlitbe aj o na\u0161ich radostiach, starostiach a pl\u00e1noch. On n\u00e1m cez medit\u00e1ciu Sv\u00e4t\u00e9ho P\u00edsma povie o Jeho radostiach, starostiach a pl\u00e1noch \u2013 ak toto Bo\u017eie volanie zachyt\u00edme, mo\u017eno nebudeme musie\u0165 by\u0165 \u201eusmernen\u00ed\u201c pot\u00e1pan\u00edm sa lo\u010fky n\u00e1\u0161ho \u017eivota.<\/p>\n\n\n<p><!--more--><\/p>\n\n\n<p><strong>Pozvanie na sv\u00e4t\u00e9 om\u0161e:<\/strong><\/p>\n\n\n\n<p><strong>sobota &#8211; 19. j\u00fana (s nede\u013enou platnos\u0165ou) <\/strong><\/p>\n\n\n\n<ul class=\"wp-block-list\"><li><strong>Hrub\u00fd \u0160\u00far: 16:00 (ma\u010f.) <\/strong><\/li><li><strong>Hrub\u00e1 Bor\u0161a: 17:00 (slov. &#8211; ma\u010f.) <\/strong><\/li><li><strong>Kostoln\u00e1: 18:00 (slov.) <\/strong><\/li><\/ul>\n\n\n\n<p><strong>nede\u013ea &#8211; 20. j\u00fana<\/strong><\/p>\n\n\n\n<ul class=\"wp-block-list\"><li><strong>Hrub\u00fd \u0160\u00far: 8:00 (ma\u010f.) <\/strong><\/li><li><strong>Kostoln\u00e1: 9:30 (ma\u010f.) <\/strong><\/li><li><strong>Kostoln\u00e1: 11:00 (slov.)<\/strong><\/li><\/ul>\n\n\n\n<p>Tento t\u00fd\u017ede\u0148 pon\u00fakam mo\u017enos\u0165 sviatosti zmierenia v&nbsp;Kostolnej v&nbsp;stredu a&nbsp;vo \u0161tvrtok od 16:00 do 17:45 pod pr\u00edstre\u0161kom na farskom dvore. V&nbsp;Hrubom \u0160\u00fare a&nbsp;v&nbsp;Hrubej Bor\u0161i v\u017edy p\u00e1r min\u00fat pred sv\u00e4t\u00fdmi om\u0161ami.<\/p>\n\n\n\n<p>Ador\u00e1cia bude tento t\u00fd\u017ede\u0148 v stredu, \u0161tvrtok a v piatok od 16:00 do 17:50 v Kostolnej.<\/p>\n\n\n\n<p>V stredu bude o 18:00 v Kostolnej sv\u00e4t\u00e1 om\u0161a pre deti v slovenskom jazyku. <\/p>\n\n\n\n<p><strong>Teraz cez v\u00edkend (v sobotu aj v nede\u013eu) m\u00e1me po pol roku pravideln\u00fa mesa\u010dn\u00fa zbierku na opravu farsk\u00e9ho kostola a&nbsp;prev\u00e1dzkov\u00e9 n\u00e1klady farnosti. Vopred \u010fakujem.<\/strong><\/p>\n\n\n\n<p><strong>Na bud\u00facu nede\u013eu m\u00e1me ka\u017edoro\u010dn\u00fa zbierku na dobro\u010dinn\u00e9 diela Sv\u00e4t\u00e9ho Otca (predt\u00fdm sa zvykla vola\u0165 Halier sv. Petra). Takto z\u00edskan\u00e9 prostriedky Sv\u00e4t\u00fd Otec potom rozde\u013euje pre potreby najchudobnej\u0161\u00edch diec\u00e9z vo svete.<\/strong><\/p>\n\n\n\n<p>Poz\u00fdvame v\u00e1s na modlitbu spolo\u010denstva Modlitby matiek najbli\u017e\u0161\u00ed piatok o&nbsp;10:00 v&nbsp;Hrubom \u0160\u00fare a&nbsp;v&nbsp;nede\u013eu o 15:00 v&nbsp;Kostolnej vo farskom kostole. Potom by bolo agap\u00e9 na farskom dvore. \u0160peci\u00e1lne s\u00fa pozvan\u00e9 rodiny s&nbsp;de\u0165mi aj k&nbsp;ukon\u010deniu \u0161kolsk\u00e9ho roka.<\/p>\n\n\n\n<p>S rados\u0165ou v\u00e1m oznamujem, \u017ee najbli\u017e\u0161iu sobotu 26. j\u00fana bude o\u00a010:00 v\u00a0seneckom kostole sl\u00e1vi\u0165 primi\u010dn\u00fa sv\u00e4t\u00fa om\u0161u novok\u0148az Pavol \u0160kovr\u00e1nek. <\/p>\n\n\n\n<p>S \u00factou, <br>Pavol Gajdo\u0161, v\u00e1\u0161 far\u00e1r<\/p>\n\t\t\t\t","protected":false},"excerpt":{"rendered":"<p>Strach a viera. Dve spojen\u00e9 n\u00e1doby. \u010c\u00edm menej viery, t\u00fdm viac strachu. Ako z \u201ekruhu\u201c von? Zvolajme na Je\u017ei\u0161a, \u010di vie o n\u00e1s. Ne\u010dakajme na b\u00farku, ktor\u00e1 n\u00e1s k tomu don\u00fati \u2013 to m\u00f4\u017ee by\u0165 u\u017e neskoro. Nepestujme ani zlozvyk, ktor\u00fd m\u00e1me mo\u017eno z medzi\u013eudsk\u00fdch vz\u0165ahov, ke\u010f za\u010dneme komunikova\u0165 a\u017e ke\u010f je zle a \u201etop\u00edme\u201c &#8230; <span class=\"more\"><a class=\"more-link\" href=\"https:\/\/www.farakostolna.sk\/?p=5593\">[\u010c\u00edta\u0165 \u010falej&#8230;]<\/a><\/span><\/p>\n","protected":false},"author":7,"featured_media":5594,"comment_status":"closed","ping_status":"closed","sticky":false,"template":"","format":"standard","meta":{"footnotes":""},"categories":[13],"tags":[],"class_list":{"0":"entry","1":"post","2":"publish","3":"author-slado89gmail-com","4":"has-excerpt","5":"has-more-link","6":"post-5593","8":"format-standard","9":"has-post-thumbnail","10":"category-oznamy"},"_links":{"self":[{"href":"https:\/\/www.farakostolna.sk\/index.php?rest_route=\/wp\/v2\/posts\/5593","targetHints":{"allow":["GET"]}}],"collection":[{"href":"https:\/\/www.farakostolna.sk\/index.php?rest_route=\/wp\/v2\/posts"}],"about":[{"href":"https:\/\/www.farakostolna.sk\/index.php?rest_route=\/wp\/v2\/types\/post"}],"author":[{"embeddable":true,"href":"https:\/\/www.farakostolna.sk\/index.php?rest_route=\/wp\/v2\/users\/7"}],"replies":[{"embeddable":true,"href":"https:\/\/www.farakostolna.sk\/index.php?rest_route=%2Fwp%2Fv2%2Fcomments&post=5593"}],"version-history":[{"count":0,"href":"https:\/\/www.farakostolna.sk\/index.php?rest_route=\/wp\/v2\/posts\/5593\/revisions"}],"wp:featuredmedia":[{"embeddable":true,"href":"https:\/\/www.farakostolna.sk\/index.php?rest_route=\/"}],"wp:attachment":[{"href":"https:\/\/www.farakostolna.sk\/index.php?rest_route=%2Fwp%2Fv2%2Fmedia&parent=5593"}],"wp:term":[{"taxonomy":"category","embeddable":true,"href":"https:\/\/www.farakostolna.sk\/index.php?rest_route=%2Fwp%2Fv2%2Fcategories&post=5593"},{"taxonomy":"post_tag","embeddable":true,"href":"https:\/\/www.farakostolna.sk\/index.php?rest_route=%2Fwp%2Fv2%2Ftags&post=5593"}],"curies":[{"name":"wp","href":"https:\/\/api.w.org\/{rel}","templated":true}]}}