{"id":5584,"date":"2021-06-11T20:04:47","date_gmt":"2021-06-11T20:04:47","guid":{"rendered":"http:\/\/kostolna.fara.sk\/?p=5584"},"modified":"2021-06-11T20:04:47","modified_gmt":"2021-06-11T20:04:47","slug":"farske-oznamy-a-zamyslenie-13-06-2021","status":"publish","type":"post","link":"https:\/\/www.farakostolna.sk\/?p=5584","title":{"rendered":"Farsk\u00e9 oznamy a zamyslenie (13.06.2021)"},"content":{"rendered":"\n\t\t\t\t\n\t\t\t\t\n<div class=\"wp-block-image\"><figure class=\"alignleft is-resized\"><img loading=\"lazy\" decoding=\"async\" src=\"http:\/\/kostolna.fara.sk\/wp-content\/uploads\/2021\/06\/WhatsApp-Image-2021-06-11-at-21.49.54-1024x560.jpeg\" alt=\"\" class=\"wp-image-5585\" width=\"491\" height=\"268\"\/><\/figure><\/div>\n\n\n\n<p>\u010cloveka odjak\u017eiva l\u00e1kaj\u00fa dve veci. Od neho v\u0161ak z\u00e1vis\u00ed, ako s nimi nalo\u017e\u00ed. Je to tajomstvo a moc. Bo\u017eie kr\u00e1\u013eovstvo je  tajomstvom a je sprev\u00e1dzan\u00e9 mocou. Tajomstvo, ktor\u00e9 treba neust\u00e1le h\u013eada\u0165, p\u00fdta\u0165 sa na\u0148 a moc, ktor\u00e1 m\u00e1 sl\u00fa\u017ei\u0165 a chr\u00e1ni\u0165 &#8211; sl\u00fa\u017ei\u0165 in\u00fdm, tak ako ten ve\u013ek\u00fd strom z hor\u010di\u010dn\u00e9ho semienka. (porov. Mk 4, 26-34)<\/p>\n\n\n<p><!--more--><\/p>\n\n\n<p><strong>Pozvanie na sv\u00e4t\u00e9 om\u0161e:<br>sobota &#8211; 12. j\u00fana (s nede\u013enou platnos\u0165ou) <\/strong><br><\/p>\n\n\n\n<ul class=\"wp-block-list\"><li><strong>Hrub\u00fd \u0160\u00far: 16:00 (ma\u010f.) <\/strong><\/li><li><strong>Hrub\u00e1 Bor\u0161a: 17:00 (slov. &#8211; ma\u010f.) <\/strong><\/li><li><strong>Kostoln\u00e1: 18:00 (slov.) <\/strong><\/li><\/ul>\n\n\n\n<p><strong>nede\u013ea &#8211; 13. j\u00fana<\/strong><br><\/p>\n\n\n\n<ul class=\"wp-block-list\"><li><strong>Hrub\u00fd \u0160\u00far: 8:00 (ma\u010f.) <\/strong><\/li><li><strong>Kostoln\u00e1: 9:30 (ma\u010f.) <br><\/strong><\/li><li><strong>Kostoln\u00e1: 11:00 (slov.)<\/strong><\/li><\/ul>\n\n\n\n<p>Sv\u00e4t\u00e9 om\u0161e v na\u0161ej farnosti pre zn\u00e1mu situ\u00e1ciu sl\u00e1vime preva\u017ene v exteri\u00e9ri, t.j. vonku na farskom dvore v Kostolnej pri Dunaji. \u277c<\/p>\n\n\n\n<p>Minul\u00fa nede\u013eu sme mali na farskom dvore spolo\u010dn\u00fa celofarsk\u00fa sl\u00e1vnostn\u00fa procesiu k\u00a0sviatku Kristovho Tela a\u00a0Krvi. \u010eakujem v\u0161etk\u00fdm, ktor\u00ed pomohli v\u00a0pr\u00edprav\u00e1ch ako aj za\u00a0akt\u00edvnu \u00fa\u010das\u0165. <br><br>Pokia\u013e je nepriazniv\u00e9 po\u010dasie, sv\u00e4t\u00e1 om\u0161a je sl\u00e1ven\u00e1 v interi\u00e9ri, av\u0161ak i vtedy je aj vonkaj\u0161ok ozvu\u010den\u00fd. K dispoz\u00edcii s\u00fa pre v\u00e1s vonku lavi\u010dky, parkovanie je mo\u017en\u00e9 aj na farskej z\u00e1hrade, vchod je na konci m\u00faru smerom na Kr\u00e1\u013eov\u00fa. <\/p>\n\n\n\n<p>Ador\u00e1cia bude v\u00a0stredu, \u0161tvrtok a v piatok od 16:00 do 17:50 v Kostolnej.\u00a0\u00a0 <br>Sv\u00e4t\u00e1 om\u0161a pre deti v ma\u010farskom jazyku bude v stredu o 18:00 v Kostolnej. \u00a0 <br>Stretnutie birmovancov bude v piatok. <br><br>Sviatos\u0165 zmierenia pon\u00fakam tento t\u00fd\u017ede\u0148 v stredu a vo \u0161tvrtok od 17:00 do 17:50 na farskom dvore.  <br><br><strong>Na bud\u00facu nede\u013eu budeme ma\u0165 (po pol roku) zbierku na opravu farsk\u00e9ho kostola a prev\u00e1dzkov\u00e9 n\u00e1klady farnosti. Vopred \u010fakujem za va\u0161u \u0161tedros\u0165.<\/strong><\/p>\n\n\n\n<p>V pr\u00edpade potreby ma nev\u00e1hajte kontaktova\u0165 aj telefonicky: \u202a0902 359 859\u202c.\u202c\u202c\u202c\u202c\u202c\u202c\u202c<\/p>\n\n\n\n<p>S \u00factou, <br>Pavol Gajdo\u0161, v\u00e1\u0161 far\u00e1r\u00a0<\/p>\n\t\t\t\t","protected":false},"excerpt":{"rendered":"<p>\u010cloveka odjak\u017eiva l\u00e1kaj\u00fa dve veci. Od neho v\u0161ak z\u00e1vis\u00ed, ako s nimi nalo\u017e\u00ed. Je to tajomstvo a moc. Bo\u017eie kr\u00e1\u013eovstvo je tajomstvom a je sprev\u00e1dzan\u00e9 mocou. Tajomstvo, ktor\u00e9 treba neust\u00e1le h\u013eada\u0165, p\u00fdta\u0165 sa na\u0148 a moc, ktor\u00e1 m\u00e1 sl\u00fa\u017ei\u0165 a chr\u00e1ni\u0165 &#8211; sl\u00fa\u017ei\u0165 in\u00fdm, tak ako ten ve\u013ek\u00fd strom z hor\u010di\u010dn\u00e9ho semienka. (porov. Mk 4, &#8230; <span class=\"more\"><a class=\"more-link\" href=\"https:\/\/www.farakostolna.sk\/?p=5584\">[\u010c\u00edta\u0165 \u010falej&#8230;]<\/a><\/span><\/p>\n","protected":false},"author":7,"featured_media":5585,"comment_status":"closed","ping_status":"closed","sticky":false,"template":"","format":"standard","meta":{"footnotes":""},"categories":[13],"tags":[],"class_list":{"0":"entry","1":"post","2":"publish","3":"author-slado89gmail-com","4":"has-excerpt","5":"has-more-link","6":"post-5584","8":"format-standard","9":"has-post-thumbnail","10":"category-oznamy"},"_links":{"self":[{"href":"https:\/\/www.farakostolna.sk\/index.php?rest_route=\/wp\/v2\/posts\/5584","targetHints":{"allow":["GET"]}}],"collection":[{"href":"https:\/\/www.farakostolna.sk\/index.php?rest_route=\/wp\/v2\/posts"}],"about":[{"href":"https:\/\/www.farakostolna.sk\/index.php?rest_route=\/wp\/v2\/types\/post"}],"author":[{"embeddable":true,"href":"https:\/\/www.farakostolna.sk\/index.php?rest_route=\/wp\/v2\/users\/7"}],"replies":[{"embeddable":true,"href":"https:\/\/www.farakostolna.sk\/index.php?rest_route=%2Fwp%2Fv2%2Fcomments&post=5584"}],"version-history":[{"count":0,"href":"https:\/\/www.farakostolna.sk\/index.php?rest_route=\/wp\/v2\/posts\/5584\/revisions"}],"wp:featuredmedia":[{"embeddable":true,"href":"https:\/\/www.farakostolna.sk\/index.php?rest_route=\/"}],"wp:attachment":[{"href":"https:\/\/www.farakostolna.sk\/index.php?rest_route=%2Fwp%2Fv2%2Fmedia&parent=5584"}],"wp:term":[{"taxonomy":"category","embeddable":true,"href":"https:\/\/www.farakostolna.sk\/index.php?rest_route=%2Fwp%2Fv2%2Fcategories&post=5584"},{"taxonomy":"post_tag","embeddable":true,"href":"https:\/\/www.farakostolna.sk\/index.php?rest_route=%2Fwp%2Fv2%2Ftags&post=5584"}],"curies":[{"name":"wp","href":"https:\/\/api.w.org\/{rel}","templated":true}]}}