{"id":5577,"date":"2021-06-04T19:39:53","date_gmt":"2021-06-04T19:39:53","guid":{"rendered":"http:\/\/kostolna.fara.sk\/?p=5577"},"modified":"2021-06-04T19:39:53","modified_gmt":"2021-06-04T19:39:53","slug":"farske-oznamy-a-zamyslenie-06-06-2021","status":"publish","type":"post","link":"https:\/\/www.farakostolna.sk\/?p=5577","title":{"rendered":"Farsk\u00e9 oznamy a zamyslenie (06.06.2021)"},"content":{"rendered":"\n\t\t\t\t\n\t\t\t\t\n<div class=\"wp-block-image\"><figure class=\"alignleft is-resized\"><img loading=\"lazy\" decoding=\"async\" src=\"http:\/\/kostolna.fara.sk\/wp-content\/uploads\/2021\/06\/jesus_christ_public_ministry-1024x683.jpeg\" alt=\"\" class=\"wp-image-5578\" width=\"476\" height=\"317\"\/><\/figure><\/div>\n\n\n\n<p>Dnes sa stret\u00e1vaj\u00fa dva kontrasty. Je\u017ei\u0161 naz\u00fdva svojimi bratmi a sestrami v\u0161etk\u00fdch\u2026 v\u0161etk\u00fdch, \u010do plnia Bo\u017eiu v\u00f4\u013eu, tak ako sa to denne modl\u00edme &#8211; bu\u010f v\u00f4\u013ea Tvoja. To je d\u00f4le\u017eit\u00e1 podmienka jednoty. Ak nepln\u00edme Bo\u017eiu v\u00f4\u013eu, tak n\u00e1s nezachr\u00e1ni \u017eiadna vonkaj\u0161ia jednota, ani uniformita &#8211; nastane rozdelenie.<\/p>\n\n\n<p><!--more--><\/p>\n\n\n<p><strong>Pozvanie na sv\u00e4t\u00e9 om\u0161e:<\/strong><\/p>\n\n\n\n<p><strong>sobota &#8211; 5. j\u00fana (s nede\u013enou platnos\u0165ou) <\/strong><br><\/p>\n\n\n\n<ul class=\"wp-block-list\"><li><strong>Hrub\u00fd \u0160\u00far: 16:00 (ma\u010f.) <\/strong><\/li><li><strong>Hrub\u00e1 Bor\u0161a: 17:00 (slov. &#8211; ma\u010f.) <\/strong><\/li><li><strong>Kostoln\u00e1: 18:00 (slov.) <\/strong><\/li><\/ul>\n\n\n\n<p><strong>nede\u013ea &#8211; 6. j\u00fana<\/strong><\/p>\n\n\n\n<ul class=\"wp-block-list\"><li><strong>Hrub\u00fd \u0160\u00far: 8:00 (ma\u010f.) <\/strong><\/li><li><strong>Kostoln\u00e1: 9:30 (ma\u010f.) <\/strong><\/li><li><strong>Kostoln\u00e1: 11:00 (slov.)<\/strong><\/li><\/ul>\n\n\n\n<p>Sv\u00e4t\u00e9 om\u0161e v na\u0161ej farnosti sl\u00e1vime preva\u017ene v exteri\u00e9ri, t.j. vonku na farskom dvore.<\/p>\n\n\n\n<p><strong>Teraz v nede\u013eu za\u010dne o\u00a010:20 v\u00a0Kostolnej na farskom dvore sl\u00e1vnostn\u00e1 procesia k\u00a0sviatku Kristovho Tela a\u00a0Krvi.<\/strong> Pr\u00ed\u010fte, kto len m\u00f4\u017eete! Zoberte aj deti, nachystajte im lupienky z kvietkov. U\u017e teraz \u010fakujem v\u0161etk\u00fdm, ktor\u00ed pom\u00e1hate v pr\u00edprav\u00e1ch, ako aj za akt\u00edvnu \u00fa\u010das\u0165.<\/p>\n\n\n\n<p>Tento t\u00fd\u017ede\u0148 je <strong>Sviatos\u0165 Olt\u00e1rna<\/strong> vystaven\u00e1 k poklone <strong>v\u00a0stredu, \u0161tvrtok a v piatok od 16:00 do 17:50 v Kostolnej.<\/strong>\u00a0\u00a0 <br><br>Sv\u00e4t\u00e1 om\u0161a pre deti v slovenskom jazyku bude v stredu o 18:00 v Kostolnej. \u00a0 <br><br>Stretnutie birmovancov bude v piatok o 19:00. <br><br><strong>Sviatos\u0165 zmierenia pon\u00fakam tento t\u00fd\u017ede\u0148 vo \u0161tvrtok od 16:00 do 17:50 na farskom dvore. Pred prv\u00fdm sv\u00e4t\u00fdm prij\u00edman\u00edm bud\u00fa viacer\u00ed k\u0148azi vysluhova\u0165 sv\u00e4t\u00fa spove\u010f v sobotu od 9:00 do 10:00. Vyu\u017eite t\u00fato pr\u00edle\u017eitos\u0165. <\/strong><\/p>\n\n\n\n<p>Predsie\u0148 kostola je pre v\u00e1s cez de\u0148 st\u00e1le otvoren\u00e1. Na ozvu\u010denom farskom dvore s\u00fa v\u017edy k dispoz\u00edcii vonku lavi\u010dky, zaparkova\u0165 m\u00f4\u017eete pohodlne priamo na farskom pozemku, vchod je na konci m\u00faru smerom na Kr\u00e1\u013eov\u00fa.&nbsp;K dispoz\u00edcii s\u00fa aj soci\u00e1lne zariadenia. <\/p>\n\n\n\n<p>V pr\u00edpade potreby ma m\u00f4\u017eete kontaktova\u0165 aj telefonicky: \u202a0902 359 859\u202c.\u202c\u202c\u202c\u202c\u202c\u202c<\/p>\n\n\n\n<p>S \u00factou, <br>Pavol Gajdo\u0161, v\u00e1\u0161 far\u00e1r<\/p>\n\t\t\t\t","protected":false},"excerpt":{"rendered":"<p>Dnes sa stret\u00e1vaj\u00fa dva kontrasty. Je\u017ei\u0161 naz\u00fdva svojimi bratmi a sestrami v\u0161etk\u00fdch\u2026 v\u0161etk\u00fdch, \u010do plnia Bo\u017eiu v\u00f4\u013eu, tak ako sa to denne modl\u00edme &#8211; bu\u010f v\u00f4\u013ea Tvoja. To je d\u00f4le\u017eit\u00e1 podmienka jednoty. Ak nepln\u00edme Bo\u017eiu v\u00f4\u013eu, tak n\u00e1s nezachr\u00e1ni \u017eiadna vonkaj\u0161ia jednota, ani uniformita &#8211; nastane rozdelenie.<\/p>\n","protected":false},"author":7,"featured_media":5578,"comment_status":"closed","ping_status":"closed","sticky":false,"template":"","format":"standard","meta":{"footnotes":""},"categories":[13],"tags":[],"class_list":{"0":"entry","1":"post","2":"publish","3":"author-slado89gmail-com","4":"has-excerpt","5":"has-more-link","6":"post-5577","8":"format-standard","9":"has-post-thumbnail","10":"category-oznamy"},"_links":{"self":[{"href":"https:\/\/www.farakostolna.sk\/index.php?rest_route=\/wp\/v2\/posts\/5577","targetHints":{"allow":["GET"]}}],"collection":[{"href":"https:\/\/www.farakostolna.sk\/index.php?rest_route=\/wp\/v2\/posts"}],"about":[{"href":"https:\/\/www.farakostolna.sk\/index.php?rest_route=\/wp\/v2\/types\/post"}],"author":[{"embeddable":true,"href":"https:\/\/www.farakostolna.sk\/index.php?rest_route=\/wp\/v2\/users\/7"}],"replies":[{"embeddable":true,"href":"https:\/\/www.farakostolna.sk\/index.php?rest_route=%2Fwp%2Fv2%2Fcomments&post=5577"}],"version-history":[{"count":0,"href":"https:\/\/www.farakostolna.sk\/index.php?rest_route=\/wp\/v2\/posts\/5577\/revisions"}],"wp:featuredmedia":[{"embeddable":true,"href":"https:\/\/www.farakostolna.sk\/index.php?rest_route=\/"}],"wp:attachment":[{"href":"https:\/\/www.farakostolna.sk\/index.php?rest_route=%2Fwp%2Fv2%2Fmedia&parent=5577"}],"wp:term":[{"taxonomy":"category","embeddable":true,"href":"https:\/\/www.farakostolna.sk\/index.php?rest_route=%2Fwp%2Fv2%2Fcategories&post=5577"},{"taxonomy":"post_tag","embeddable":true,"href":"https:\/\/www.farakostolna.sk\/index.php?rest_route=%2Fwp%2Fv2%2Ftags&post=5577"}],"curies":[{"name":"wp","href":"https:\/\/api.w.org\/{rel}","templated":true}]}}