{"id":5572,"date":"2021-06-02T22:16:43","date_gmt":"2021-06-02T22:16:43","guid":{"rendered":"http:\/\/kostolna.fara.sk\/?p=5572"},"modified":"2021-06-02T22:16:43","modified_gmt":"2021-06-02T22:16:43","slug":"najsvatejsieho-kristovho-tela-a-krvi","status":"publish","type":"post","link":"https:\/\/www.farakostolna.sk\/?p=5572","title":{"rendered":"Najsv\u00e4tej\u0161ieho Kristovho Tela a Krvi"},"content":{"rendered":"\n\t\t\t\t\n\t\t\t\t\n<div class=\"wp-block-image\"><figure class=\"alignleft is-resized\"><img loading=\"lazy\" decoding=\"async\" src=\"http:\/\/kostolna.fara.sk\/wp-content\/uploads\/2021\/06\/WhatsApp-Image-2021-06-02-at-23.36.51.jpeg\" alt=\"\" class=\"wp-image-5573\" width=\"480\" height=\"319\"\/><\/figure><\/div>\n\n\n\n<p>Eucharistia je jedno z najkraj\u0161\u00edch tajomstiev &#8211; Boh cez \u0148u vytv\u00e1ra s nami int\u00edmny vz\u0165ah a s\u00fa\u010dasne v Cirkvi vznik\u00e1 spolo\u010denstvo \u013eud\u00ed, ktor\u00e9ho centrom je Boh. Ak je On s nami, kto n\u00e1s m\u00f4\u017ee ohrozi\u0165, \u010di odl\u00fa\u010di\u0165 od Jeho l\u00e1sky?<\/p>\n\n\n<p><!--more--><\/p>\n\n\n<p><strong>Ke\u010f\u017ee je dnes cirkevne prik\u00e1zan\u00fd sviatok, poz\u00fdvame v\u00e1s na sv\u00e4t\u00fa om\u0161u.<\/strong> V Kostolnej  sa bud\u00fa sl\u00e1vi\u0165 pod pr\u00edstre\u0161kom na ozvu\u010denom farskom dvore. Pripraven\u00e9 s\u00fa pre v\u00e1s lavi\u010dky, parkovanie autami je mo\u017en\u00e9 na farskej z\u00e1hrade, vchod je na konci m\u00faru smerom na Kr\u00e1\u013eov\u00fa. V pr\u00edpade potreby s\u00fa k dispoz\u00edcii aj soci\u00e1lne zariadenia. <\/p>\n\n\n\n<ul class=\"wp-block-list\"><li><strong>Kostoln\u00e1: 17:00 (ma\u010f.) <\/strong><\/li><li><strong>Kostoln\u00e1: 18:00 (slov.) <\/strong><\/li><li><strong>Hrub\u00fd \u0160\u00far: 19:00 (ma\u010f.) <\/strong><\/li><\/ul>\n\n\n\n<p>Te\u0161\u00edme sa na V\u00c1S!      <br><br>S \u00factou, <br>Pavol Gajdo\u0161, v\u00e1\u0161 far\u00e1r <\/p>\n\t\t\t\t","protected":false},"excerpt":{"rendered":"<p>Eucharistia je jedno z najkraj\u0161\u00edch tajomstiev &#8211; Boh cez \u0148u vytv\u00e1ra s nami int\u00edmny vz\u0165ah a s\u00fa\u010dasne v Cirkvi vznik\u00e1 spolo\u010denstvo \u013eud\u00ed, ktor\u00e9ho centrom je Boh. Ak je On s nami, kto n\u00e1s m\u00f4\u017ee ohrozi\u0165, \u010di odl\u00fa\u010di\u0165 od Jeho l\u00e1sky?<\/p>\n","protected":false},"author":7,"featured_media":5573,"comment_status":"closed","ping_status":"closed","sticky":false,"template":"","format":"standard","meta":{"footnotes":""},"categories":[13],"tags":[],"class_list":{"0":"entry","1":"post","2":"publish","3":"author-slado89gmail-com","4":"has-excerpt","5":"has-more-link","6":"post-5572","8":"format-standard","9":"has-post-thumbnail","10":"category-oznamy"},"_links":{"self":[{"href":"https:\/\/www.farakostolna.sk\/index.php?rest_route=\/wp\/v2\/posts\/5572","targetHints":{"allow":["GET"]}}],"collection":[{"href":"https:\/\/www.farakostolna.sk\/index.php?rest_route=\/wp\/v2\/posts"}],"about":[{"href":"https:\/\/www.farakostolna.sk\/index.php?rest_route=\/wp\/v2\/types\/post"}],"author":[{"embeddable":true,"href":"https:\/\/www.farakostolna.sk\/index.php?rest_route=\/wp\/v2\/users\/7"}],"replies":[{"embeddable":true,"href":"https:\/\/www.farakostolna.sk\/index.php?rest_route=%2Fwp%2Fv2%2Fcomments&post=5572"}],"version-history":[{"count":0,"href":"https:\/\/www.farakostolna.sk\/index.php?rest_route=\/wp\/v2\/posts\/5572\/revisions"}],"wp:featuredmedia":[{"embeddable":true,"href":"https:\/\/www.farakostolna.sk\/index.php?rest_route=\/"}],"wp:attachment":[{"href":"https:\/\/www.farakostolna.sk\/index.php?rest_route=%2Fwp%2Fv2%2Fmedia&parent=5572"}],"wp:term":[{"taxonomy":"category","embeddable":true,"href":"https:\/\/www.farakostolna.sk\/index.php?rest_route=%2Fwp%2Fv2%2Fcategories&post=5572"},{"taxonomy":"post_tag","embeddable":true,"href":"https:\/\/www.farakostolna.sk\/index.php?rest_route=%2Fwp%2Fv2%2Ftags&post=5572"}],"curies":[{"name":"wp","href":"https:\/\/api.w.org\/{rel}","templated":true}]}}