{"id":5566,"date":"2021-05-28T20:06:44","date_gmt":"2021-05-28T20:06:44","guid":{"rendered":"http:\/\/kostolna.fara.sk\/?p=5566"},"modified":"2021-05-28T20:06:44","modified_gmt":"2021-05-28T20:06:44","slug":"farske-oznamy-a-zamyslenie-30-05-2021","status":"publish","type":"post","link":"https:\/\/www.farakostolna.sk\/?p=5566","title":{"rendered":"Farsk\u00e9 oznamy a zamyslenie (30.05.2021)"},"content":{"rendered":"\n\t\t\t\t\n\t\t\t\t\n<div class=\"wp-block-image\"><figure class=\"alignleft\"><img decoding=\"async\" src=\"http:\/\/kostolna.fara.sk\/wp-content\/uploads\/2021\/05\/jesus_parables_mount_of_olives-2.jpeg\" alt=\"\" class=\"wp-image-5565\"\/><\/figure><\/div>\n\n\n\n<p>Je\u017ei\u0161 n\u00e1m predstavuje vy\u0161\u0161\u00ed stupe\u0148 vyu\u010dovania &#8211; nielen s porozumen\u00edm, ale predov\u0161etk\u00fdm so zachov\u00e1van\u00edm poznan\u00e9ho. To je viac ako v\u0161etka n\u00e1uka. M\u00e1 n\u00e1m v tom pom\u00f4c\u0165 Duch Sv\u00e4t\u00fd. H\u013ead\u00e1me ho a po\u010d\u00favame? Nem\u00e1me v\u0161ak by\u0165 iba posluch\u00e1\u010dmi, ale predov\u0161etk\u00fdm u\u010den\u00edkmi (u\u010d\u0148ami), ktor\u00ed nasleduj\u00fa a napodob\u0148uj\u00fa svojho Majstra.<\/p>\n\n\n<p><!--more--><\/p>\n\n\n<p><strong>Poz\u00fdvame V\u00e1s na sv\u00e4t\u00e9 om\u0161e s nede\u013enou platnos\u0165ou:<\/strong><\/p>\n\n\n\n<p><strong>SOBOTA &#8211; 29.5.2021<br>&#8211; Hrub\u00fd \u0160\u00far: 16:00 (ma\u010f.)<br>&#8211; Hrub\u00e1 Bor\u0161a: 17:00 (slov. &#8211; ma\u010f.) <br>&#8211; Kostoln\u00e1: 18:00 (slov.) <\/strong><\/p>\n\n\n\n<p><strong>NEDE\u013dA &#8211; 30.5.2021<br>&#8211; Hrub\u00fd \u0160\u00far: 8:00 (ma\u010f.) <br>&#8211; Kostoln\u00e1: 9:30 (ma\u010f.) <br>&#8211; Kostoln\u00e1: 11:00 (slov.) <\/strong><\/p>\n\n\n\n<p>V na\u0161ej farnosti sl\u00e1vime sv\u00e4t\u00e9 om\u0161e preva\u017ene vonku na farskom dvore pod pr\u00edstre\u0161kom, s ozvu\u010den\u00edm ale m\u00e1me prepojen\u00fd aj farsk\u00fd kostol. Vonku s\u00fa pre v\u00e1s pripraven\u00e9 lavi\u010dky, odpor\u00fa\u010dam sa v z\u00e1vislosti od po\u010dasia teplej\u0161ie obliec\u0165. Parkovanie je mo\u017en\u00e9 aj na farskej z\u00e1hrade, vchod je na konci m\u00faru smerom na Kr\u00e1\u013eov\u00fa.<\/p>\n\n\n\n<p>Ke\u010f\u017ee sa daj\u00fa sl\u00e1vi\u0165 sv\u00e4t\u00e9 om\u0161e verejn\u00fdm sp\u00f4sobom, osobitne bude <strong>sv. prij\u00edmanie naposledy v t\u00fato nede\u013eu v Kostolnej o 13:00 do 13:30.<\/strong><\/p>\n\n\n\n<p><strong>Teraz v&nbsp;nede\u013eu sa o&nbsp;15:00 sa pomodl\u00edme pred sochou Najsv\u00e4tej\u0161ej Trojice v&nbsp;Malom \u0160\u00fare lit\u00e1nie. Bude aj ochutn\u00e1vka v\u00edna. Pr\u00ed\u010fte! <br>V Hrubom \u0160\u00fare je tento v\u00edkend po sv\u00e4t\u00fdch om\u0161iach hodov\u00e1 ofera.<\/strong><\/p>\n\n\n\n<p><strong>Na bud\u00facu nede\u013eu o&nbsp;10:20 budeme ma\u0165 v&nbsp;Kostolnej na farskom dvore spolo\u010dn\u00fa celofarsk\u00fa sl\u00e1vnostn\u00fa procesiu k&nbsp;sviatku Kristovho Tela a&nbsp;Krvi. <\/strong>V&nbsp;pr\u00edpade dobr\u00e9ho po\u010dasia bude aj vo \u0161tvrtok procesia v&nbsp;Hrubom \u0160\u00fare. Pros\u00edm v\u0161etk\u00fdch veriacich o&nbsp;pomoc v&nbsp;pr\u00edprav\u00e1ch na procesiu ako aj o&nbsp;akt\u00edvnu \u00fa\u010das\u0165. <br><br>Sv\u00e4t\u00e9 om\u0161e v&nbsp;najbli\u017e\u0161\u00edch t\u00fd\u017ed\u0148och pre person\u00e1lne mo\u017enosti nebudeme vysiela\u0165 online. <\/p>\n\n\n\n<p>Ador\u00e1cia bude v&nbsp;stredu a v piatok od 16:00 do 17:50 v Kostolnej.&nbsp;V&nbsp;Hrubom \u0160\u00fare bude ador\u00e1cia v&nbsp;sobotu od 15:00 do 15:50. Sviatos\u0165 zmierenia pon\u00fakam tento t\u00fd\u017ede\u0148 len v&nbsp;stredu od 16:00 do 16:30, alebo pod\u013ea dohody na farskom dvore.&nbsp;Chor\u00fdch po domoch budem spoveda\u0165 v&nbsp;piatok v Kostolnej od 8:00 do 10:00 a&nbsp;v&nbsp;Hrubom \u0160\u00fare od 10:00 do 12:00. <br><br>Sv\u00e4t\u00e1 om\u0161a pre deti v&nbsp;ma\u010farskom jazyku bude v stredu o 18:00 v Kostolnej. &nbsp; <br><br>Stretnutie birmovancov tento piatok v\u00fdnimo\u010dne nebude.&nbsp;Miesto toho v piatok v\u0161etk\u00fdch srde\u010dne poz\u00fdvam na duchovn\u00fa predn\u00e1\u0161ku s&nbsp;n\u00e1zvom: \u201eD\u00f4stojnos\u0165 \u010dloveka z&nbsp;poh\u013eadu soci\u00e1lnej n\u00e1uky Cirkvi\u201c. Predn\u00e1\u0161ka s&nbsp;mo\u017enos\u0165ou n\u00e1slednej diskusie bude hne\u010f po sv\u00e4tej om\u0161i, ktor\u00e1 za\u010dne o&nbsp;18:00. <\/p>\n\n\n\n<p>V pr\u00edpade potreby ma nev\u00e1hajte kontaktova\u0165 aj telefonicky: 0902 359 859\u202c.\u202c\u202c\u202c\u202c\u202c<br><br>Som tu pre V\u00c1S!                  <br><\/p>\n\n\n\n<p>S \u00factou,<br>Pavol Gajdo\u0161, v\u00e1\u0161 far\u00e1r&nbsp;<\/p>\n\t\t\t\t","protected":false},"excerpt":{"rendered":"<p>Je\u017ei\u0161 n\u00e1m predstavuje vy\u0161\u0161\u00ed stupe\u0148 vyu\u010dovania &#8211; nielen s porozumen\u00edm, ale predov\u0161etk\u00fdm so zachov\u00e1van\u00edm poznan\u00e9ho. To je viac ako v\u0161etka n\u00e1uka. M\u00e1 n\u00e1m v tom pom\u00f4c\u0165 Duch Sv\u00e4t\u00fd. H\u013ead\u00e1me ho a po\u010d\u00favame? Nem\u00e1me v\u0161ak by\u0165 iba posluch\u00e1\u010dmi, ale predov\u0161etk\u00fdm u\u010den\u00edkmi (u\u010d\u0148ami), ktor\u00ed nasleduj\u00fa a napodob\u0148uj\u00fa svojho Majstra.<\/p>\n","protected":false},"author":7,"featured_media":5565,"comment_status":"closed","ping_status":"closed","sticky":false,"template":"","format":"standard","meta":{"footnotes":""},"categories":[13],"tags":[],"class_list":{"0":"entry","1":"post","2":"publish","3":"author-slado89gmail-com","4":"has-excerpt","5":"has-more-link","6":"post-5566","8":"format-standard","9":"has-post-thumbnail","10":"category-oznamy"},"_links":{"self":[{"href":"https:\/\/www.farakostolna.sk\/index.php?rest_route=\/wp\/v2\/posts\/5566","targetHints":{"allow":["GET"]}}],"collection":[{"href":"https:\/\/www.farakostolna.sk\/index.php?rest_route=\/wp\/v2\/posts"}],"about":[{"href":"https:\/\/www.farakostolna.sk\/index.php?rest_route=\/wp\/v2\/types\/post"}],"author":[{"embeddable":true,"href":"https:\/\/www.farakostolna.sk\/index.php?rest_route=\/wp\/v2\/users\/7"}],"replies":[{"embeddable":true,"href":"https:\/\/www.farakostolna.sk\/index.php?rest_route=%2Fwp%2Fv2%2Fcomments&post=5566"}],"version-history":[{"count":0,"href":"https:\/\/www.farakostolna.sk\/index.php?rest_route=\/wp\/v2\/posts\/5566\/revisions"}],"wp:featuredmedia":[{"embeddable":true,"href":"https:\/\/www.farakostolna.sk\/index.php?rest_route=\/"}],"wp:attachment":[{"href":"https:\/\/www.farakostolna.sk\/index.php?rest_route=%2Fwp%2Fv2%2Fmedia&parent=5566"}],"wp:term":[{"taxonomy":"category","embeddable":true,"href":"https:\/\/www.farakostolna.sk\/index.php?rest_route=%2Fwp%2Fv2%2Fcategories&post=5566"},{"taxonomy":"post_tag","embeddable":true,"href":"https:\/\/www.farakostolna.sk\/index.php?rest_route=%2Fwp%2Fv2%2Ftags&post=5566"}],"curies":[{"name":"wp","href":"https:\/\/api.w.org\/{rel}","templated":true}]}}