{"id":5555,"date":"2021-05-21T20:32:53","date_gmt":"2021-05-21T20:32:53","guid":{"rendered":"http:\/\/kostolna.fara.sk\/?p=5555"},"modified":"2021-05-21T20:32:53","modified_gmt":"2021-05-21T20:32:53","slug":"farske-oznamy-a-zamyslenie-23-05-2021","status":"publish","type":"post","link":"https:\/\/www.farakostolna.sk\/?p=5555","title":{"rendered":"Farsk\u00e9 oznamy a zamyslenie (23.05.2021)"},"content":{"rendered":"\n\t\t\t\t\n\t\t\t\t\n<div class=\"wp-block-image\"><figure class=\"alignleft is-resized\"><img loading=\"lazy\" decoding=\"async\" src=\"http:\/\/kostolna.fara.sk\/wp-content\/uploads\/2021\/05\/WhatsApp-Image-2021-05-21-at-22.23.36-1024x576.jpeg\" alt=\"\" class=\"wp-image-5556\" width=\"438\" height=\"245\"\/><\/figure><\/div>\n\n\n\n<p>Dary Ducha Sv\u00e4t\u00e9ho s\u00fa n\u00e1m zn\u00e1me: dar m\u00fadrosti, rozumu, rady, sily, poznania, n\u00e1bo\u017enosti a b\u00e1zne vo\u010di Bohu. S\u00fa potrebn\u00e9, aby na\u0161a viera nevychladla. Prosme o tento Ohe\u0148, aby sme konali Bo\u017eiu v\u00f4\u013eu Bo\u017e\u00edmi prostriedkami.<\/p>\n\n\n<p><!--more--><\/p>\n\n\n<p><strong>Sv\u00e4t\u00e9 om\u0161e u n\u00e1s s nede\u013enou platnos\u0165ou:<\/strong><\/p>\n\n\n\n<p><strong>sobota &#8211; 22.5.2021<\/strong><\/p>\n\n\n\n<ul class=\"wp-block-list\"><li><strong>Hrub\u00fd \u0160\u00far: 16:00 (ma\u010f.) <\/strong><\/li><li><strong>Hrub\u00e1 Bor\u0161a: 17:00 (slov. &#8211; ma\u010f.) <\/strong><\/li><li><strong>Kostoln\u00e1: 18:00 (slov.) <\/strong><\/li><\/ul>\n\n\n\n<p><strong>nede\u013ea &#8211; 23.5.2021<\/strong><\/p>\n\n\n\n<ul class=\"wp-block-list\"><li><strong>Hrub\u00fd \u0160\u00far: 8:00 (ma\u010f.) <\/strong><\/li><li><strong>Kostoln\u00e1: 9:30 (ma\u010f.) <\/strong><\/li><li><strong>Kostoln\u00e1: 11:00 (slov.) <\/strong><\/li><\/ul>\n\n\n\n<p>V na\u0161ej farnosti sl\u00e1vime sv\u00e4t\u00e9 om\u0161e preva\u017ene vonku na farskom dvore pod pr\u00edstre\u0161kom, s ozvu\u010den\u00edm ale m\u00e1me prepojen\u00fd aj farsk\u00fd kostol. Vonku s\u00fa pre v\u00e1s pripraven\u00e9 lavi\u010dky, odpor\u00fa\u010dam sa v z\u00e1vislosti od po\u010dasia teplej\u0161ie obliec\u0165. Parkovanie je mo\u017en\u00e9 aj na farskej z\u00e1hrade, vchod je na konci m\u00faru smerom na Kr\u00e1\u013eov\u00fa. <strong>Sv\u00e4t\u00e9 prij\u00edmanie mimo sv\u00e4tej om\u0161e budem v nede\u013eu rozd\u00e1va\u0165 od 13:00 do 13:30<\/strong>.<\/p>\n\n\n\n<p>Minulot\u00fd\u017ed\u0148ov\u00e1 pravideln\u00e1 ro\u010dn\u00e1 zbierka na katol\u00edcke masm\u00e9di\u00e1 vyniesla spolu v&nbsp;na\u0161ej farnosti 593,23 \u20ac. Peniaze som e\u0161te v pondelok preposlal na dan\u00fd \u00fa\u010det.  <\/p>\n\n\n\n<p>Sv\u00e4t\u00e9 om\u0161e v\u00a0nedele zatia\u013e st\u00e1le vysielame aj online cez FB Fara Kostolna, napriek tomu, m\u00f4\u017ee sa sta\u0165, \u017ee sa vysielanie bez n\u00e1\u0161ho pochybenia nepodar\u00ed zdie\u013ea\u0165. Podobne tomu bolo \u017eia\u013e aj posledn\u00fa nede\u013eu, \u010do je n\u00e1m \u013e\u00fato.<br><br><strong>Ador\u00e1cia bude v stredu, \u0161tvrtok a piatok od 16:00 do 18:00 v Kostolnej. Po\u010das ador\u00e1cie od 16:00 do 17:50 pon\u00fakam sviatos\u0165 zmierenia na farskom dvore. Na bud\u00facu nede\u013eu o 15:00 sa pomodl\u00edme pred sochou Najsv\u00e4tej\u0161ej Trojice v Malom \u0160\u00fare lit\u00e1nie. V Hrubom \u0160\u00fare bude bud\u00faci v\u00edkend po sv\u00e4t\u00fdch om\u0161iach hodov\u00e1 ofera.<\/strong><br><br><strong>Sv\u00e4t\u00e1 om\u0161a pre deti v slovenskom jazyku bude v stredu o 18:00 v Kostolnej. <\/strong>\u00a0 <br><br>V pr\u00edpade potreby ma nev\u00e1hajte kontaktova\u0165 aj telefonicky: 0902 359 859. <br>Te\u0161\u00edme sa na V\u00e1s. <br><br>S \u00factou, <br>Pavol Gajdo\u0161, v\u00e1\u0161 far\u00e1r <\/p>\n\t\t\t\t","protected":false},"excerpt":{"rendered":"<p>Dary Ducha Sv\u00e4t\u00e9ho s\u00fa n\u00e1m zn\u00e1me: dar m\u00fadrosti, rozumu, rady, sily, poznania, n\u00e1bo\u017enosti a b\u00e1zne vo\u010di Bohu. S\u00fa potrebn\u00e9, aby na\u0161a viera nevychladla. Prosme o tento Ohe\u0148, aby sme konali Bo\u017eiu v\u00f4\u013eu Bo\u017e\u00edmi prostriedkami.<\/p>\n","protected":false},"author":7,"featured_media":5556,"comment_status":"closed","ping_status":"closed","sticky":false,"template":"","format":"standard","meta":{"footnotes":""},"categories":[13],"tags":[],"class_list":{"0":"entry","1":"post","2":"publish","3":"author-slado89gmail-com","4":"has-excerpt","5":"has-more-link","6":"post-5555","8":"format-standard","9":"has-post-thumbnail","10":"category-oznamy"},"_links":{"self":[{"href":"https:\/\/www.farakostolna.sk\/index.php?rest_route=\/wp\/v2\/posts\/5555","targetHints":{"allow":["GET"]}}],"collection":[{"href":"https:\/\/www.farakostolna.sk\/index.php?rest_route=\/wp\/v2\/posts"}],"about":[{"href":"https:\/\/www.farakostolna.sk\/index.php?rest_route=\/wp\/v2\/types\/post"}],"author":[{"embeddable":true,"href":"https:\/\/www.farakostolna.sk\/index.php?rest_route=\/wp\/v2\/users\/7"}],"replies":[{"embeddable":true,"href":"https:\/\/www.farakostolna.sk\/index.php?rest_route=%2Fwp%2Fv2%2Fcomments&post=5555"}],"version-history":[{"count":0,"href":"https:\/\/www.farakostolna.sk\/index.php?rest_route=\/wp\/v2\/posts\/5555\/revisions"}],"wp:featuredmedia":[{"embeddable":true,"href":"https:\/\/www.farakostolna.sk\/index.php?rest_route=\/"}],"wp:attachment":[{"href":"https:\/\/www.farakostolna.sk\/index.php?rest_route=%2Fwp%2Fv2%2Fmedia&parent=5555"}],"wp:term":[{"taxonomy":"category","embeddable":true,"href":"https:\/\/www.farakostolna.sk\/index.php?rest_route=%2Fwp%2Fv2%2Fcategories&post=5555"},{"taxonomy":"post_tag","embeddable":true,"href":"https:\/\/www.farakostolna.sk\/index.php?rest_route=%2Fwp%2Fv2%2Ftags&post=5555"}],"curies":[{"name":"wp","href":"https:\/\/api.w.org\/{rel}","templated":true}]}}