{"id":5541,"date":"2021-05-14T13:08:59","date_gmt":"2021-05-14T13:08:59","guid":{"rendered":"http:\/\/kostolna.fara.sk\/?p=5541"},"modified":"2021-05-14T13:08:59","modified_gmt":"2021-05-14T13:08:59","slug":"farske-oznamy-a-zamyslenie-14-05-2021","status":"publish","type":"post","link":"https:\/\/www.farakostolna.sk\/?p=5541","title":{"rendered":"Farsk\u00e9 oznamy a zamyslenie (16.05.2021)"},"content":{"rendered":"\n\t\t\t\t\n\t\t\t\t\n<div class=\"wp-block-image\"><figure class=\"alignleft is-resized\"><img loading=\"lazy\" decoding=\"async\" src=\"http:\/\/kostolna.fara.sk\/wp-content\/uploads\/2021\/05\/bible_pictures_jesus_garden_apostles-1-1024x681.jpeg\" alt=\"\" class=\"wp-image-5542\" width=\"486\" height=\"323\"\/><\/figure><\/div>\n\n\n\n<p>Boh je l\u00e1ska, ale aj dokonal\u00e1 jednota v Trojici. Je\u017ei\u0161 sa \u00fapenlivo modlil pr\u00e1ve za na\u0161u jednotu. Jednota v\u0161ak nie je uniformita. Pr\u00e1ve v r\u00f4znosti m\u00f4\u017eeme najviac l\u00e1sky prejavi\u0165 schopnos\u0165ou nach\u00e1dza\u0165 to, \u010do n\u00e1s sp\u00e1ja.<\/p>\n\n\n<p><!--more--><\/p>\n\n\n<p><strong>Sv\u00e4t\u00e9 om\u0161e u n\u00e1s s nede\u013enou platnos\u0165ou:<\/strong><\/p>\n\n\n\n<p><strong>sobota &#8211; 15.5.2021<\/strong><\/p>\n\n\n\n<ul class=\"wp-block-list\"><li><strong>Hrub\u00fd \u0160\u00far: 16:00 (ma\u010f.) <\/strong><\/li><li><strong>Hrub\u00e1 Bor\u0161a: 17:00 (slov. &#8211; ma\u010f.) <\/strong><\/li><li><strong>Kostoln\u00e1: 18:00 (slov.) <\/strong><\/li><\/ul>\n\n\n\n<p><strong>nede\u013ea &#8211; 16.5.2021<\/strong><\/p>\n\n\n\n<ul class=\"wp-block-list\"><li><strong>Hrub\u00fd \u0160\u00far: 8:00 (ma\u010f.) <\/strong><\/li><li><strong>Kostoln\u00e1: 9:30 (ma\u010f.) <\/strong><\/li><li><strong>Kostoln\u00e1: 11:00 (slov.) <\/strong><\/li><\/ul>\n\n\n\n<p>V na\u0161ej farnosti sl\u00e1vime sv\u00e4t\u00e9 om\u0161e preva\u017ene vonku na farskom dvore pod pr\u00edstre\u0161kom, s ozvu\u010den\u00edm ale m\u00e1me prepojen\u00fd aj farsk\u00fd kostol. Vonku s\u00fa pre v\u00e1s pripraven\u00e9 lavi\u010dky, odpor\u00fa\u010dam sa v z\u00e1vislosti od po\u010dasia teplej\u0161ie obliec\u0165. V nedele zatia\u013e st\u00e1le vysielame pre v\u00e1s aj online cez FB Fara Kostolna. <strong>Sv\u00e4t\u00e9 prij\u00edmanie mimo sv\u00e4tej om\u0161e budem v nede\u013eu rozd\u00e1va\u0165 od 13:00 do 13:30.<\/strong><br><br>V tento v\u00edkend sa kon\u00e1 vo v\u0161etk\u00fdch kostoloch na Slovensku zbierka na katol\u00edcke masm\u00e9di\u00e1. Vopred \u010fakujem. <\/p>\n\n\n\n<p><strong>Ador\u00e1cia bude v stredu, \u0161tvrtok a piatok od 16:00 do 18:00. Po\u010das ador\u00e1cie pon\u00fakam sviatos\u0165 zmierenia od 16:00 do 17:50 na farskom dvore. <\/strong><\/p>\n\n\n\n<p>Parkovanie je mo\u017en\u00e9 na farskej z\u00e1hrade, vchod je na konci m\u00faru smerom na Kr\u00e1\u013eov\u00fa. V pr\u00edpade potreby s\u00fa pre v\u00e1s k dispoz\u00edcii pri kostole \u010dist\u00e9 toalety, jedna z nich je aj bezbarierov\u00e1.<br><br>Te\u0161\u00edme sa na V\u00e1s. <\/p>\n\n\n\n<p>S \u00factou, <br>Pavol Gajdo\u0161, v\u00e1\u0161 far\u00e1r<\/p>\n\t\t\t\t","protected":false},"excerpt":{"rendered":"<p>Boh je l\u00e1ska, ale aj dokonal\u00e1 jednota v Trojici. Je\u017ei\u0161 sa \u00fapenlivo modlil pr\u00e1ve za na\u0161u jednotu. Jednota v\u0161ak nie je uniformita. Pr\u00e1ve v r\u00f4znosti m\u00f4\u017eeme najviac l\u00e1sky prejavi\u0165 schopnos\u0165ou nach\u00e1dza\u0165 to, \u010do n\u00e1s sp\u00e1ja.<\/p>\n","protected":false},"author":7,"featured_media":5542,"comment_status":"closed","ping_status":"closed","sticky":false,"template":"","format":"standard","meta":{"footnotes":""},"categories":[13],"tags":[],"class_list":{"0":"entry","1":"post","2":"publish","3":"author-slado89gmail-com","4":"has-excerpt","5":"has-more-link","6":"post-5541","8":"format-standard","9":"has-post-thumbnail","10":"category-oznamy"},"_links":{"self":[{"href":"https:\/\/www.farakostolna.sk\/index.php?rest_route=\/wp\/v2\/posts\/5541","targetHints":{"allow":["GET"]}}],"collection":[{"href":"https:\/\/www.farakostolna.sk\/index.php?rest_route=\/wp\/v2\/posts"}],"about":[{"href":"https:\/\/www.farakostolna.sk\/index.php?rest_route=\/wp\/v2\/types\/post"}],"author":[{"embeddable":true,"href":"https:\/\/www.farakostolna.sk\/index.php?rest_route=\/wp\/v2\/users\/7"}],"replies":[{"embeddable":true,"href":"https:\/\/www.farakostolna.sk\/index.php?rest_route=%2Fwp%2Fv2%2Fcomments&post=5541"}],"version-history":[{"count":0,"href":"https:\/\/www.farakostolna.sk\/index.php?rest_route=\/wp\/v2\/posts\/5541\/revisions"}],"wp:featuredmedia":[{"embeddable":true,"href":"https:\/\/www.farakostolna.sk\/index.php?rest_route=\/"}],"wp:attachment":[{"href":"https:\/\/www.farakostolna.sk\/index.php?rest_route=%2Fwp%2Fv2%2Fmedia&parent=5541"}],"wp:term":[{"taxonomy":"category","embeddable":true,"href":"https:\/\/www.farakostolna.sk\/index.php?rest_route=%2Fwp%2Fv2%2Fcategories&post=5541"},{"taxonomy":"post_tag","embeddable":true,"href":"https:\/\/www.farakostolna.sk\/index.php?rest_route=%2Fwp%2Fv2%2Ftags&post=5541"}],"curies":[{"name":"wp","href":"https:\/\/api.w.org\/{rel}","templated":true}]}}