{"id":5520,"date":"2021-05-07T17:54:03","date_gmt":"2021-05-07T17:54:03","guid":{"rendered":"http:\/\/kostolna.fara.sk\/?p=5520"},"modified":"2021-05-07T17:54:03","modified_gmt":"2021-05-07T17:54:03","slug":"farske-oznamy-a-zamyslenie-09-05-2021","status":"publish","type":"post","link":"https:\/\/www.farakostolna.sk\/?p=5520","title":{"rendered":"Farsk\u00e9 oznamy a zamyslenie (09.05.2021)"},"content":{"rendered":"\n\t\t\t\t\n\t\t\t\t\n<div class=\"wp-block-image\"><figure class=\"alignleft is-resized\"><img loading=\"lazy\" decoding=\"async\" src=\"http:\/\/kostolna.fara.sk\/wp-content\/uploads\/2021\/05\/seek_kingdom_of_god-1_resized_20210507_074115816-1024x683.jpeg\" alt=\"\" class=\"wp-image-5521\" width=\"623\" height=\"413\"\/><\/figure><\/div>\n\n\n\n<p>Je\u017ei\u0161 n\u00e1m definuje priate\u013estvo ako najvy\u0161\u0161\u00ed stupe\u0148 l\u00e1sky &#8211; obety a d\u00f4very. Nastavuje n\u00e1m zrkadlo a s\u00fa\u010dasne n\u00e1m poskytuje n\u00e1vod, ako dosiahnu\u0165 tento stupe\u0148 dokonalosti &#8211; zachov\u00e1va\u0165 jeho prik\u00e1zania: &#8220;Aby ste sa milovali navz\u00e1jom&#8221;. <\/p>\n\n\n<p><!--more--><\/p>\n\n\n<p><strong>Pozvanie na sv\u00e4t\u00e9 om\u0161e s nede\u013enou platnos\u0165ou:<\/strong><\/p>\n\n\n\n<p><strong>Sobota &#8211; 8.5.2021<\/strong><\/p>\n\n\n\n<ul class=\"wp-block-list\"><li><strong>Hrub\u00fd \u0160\u00far: 16:00 (ma\u010f.) <\/strong><\/li><li><strong>Hrub\u00e1 Bor\u0161a: 17:00 (slov. &#8211; ma\u010f.) <\/strong><\/li><li><strong>Kostoln\u00e1: 18:00 (slov.) <\/strong><\/li><\/ul>\n\n\n\n<p><strong>Nede\u013ea &#8211; 9.5.2021<\/strong><\/p>\n\n\n\n<ul class=\"wp-block-list\"><li><strong>Hrub\u00fd \u0160\u00far: 8:00 (ma\u010f.) <\/strong><\/li><li><strong>Kostoln\u00e1: 9:30 (ma\u010f.) <\/strong><\/li><li><strong>Kostoln\u00e1: 11:00 (slov.) <\/strong><\/li><\/ul>\n\n\n\n<p>Ke\u010f\u017ee u\u017e m\u00f4\u017eeme sl\u00e1vi\u0165 sv\u00e4t\u00e9 om\u0161e verejn\u00fdm sp\u00f4sobom, mimo sv\u00e4tej om\u0161e sa <strong>sv. prij\u00edmanie v nedele<\/strong> rozd\u00e1va len v Kostolnej<strong> od 13:00 do 13:30<\/strong>.<br>Sv. om\u0161e s\u00fa zatia\u013e zabezpe\u010den\u00e9 v nede\u013eu aj online cez Facebook Fara Kostolna o 9:30 v ma\u010farskom a 11:00 v slovenskom jazyku. <\/p>\n\n\n\n<p>V na\u0161ej farnosti pre zn\u00e1mu situ\u00e1ciu sl\u00e1vime sv\u00e4t\u00e9 om\u0161e preva\u017ene vonku na farskom dvore. \u277c<\/p>\n\n\n\n<p>Pokia\u013e bude niekedy ve\u013emi nepriazniv\u00e9 po\u010dasie, sv\u00e4t\u00e1 om\u0161a bude sl\u00e1ven\u00e1 v interi\u00e9ri, av\u0161ak i vtedy bude aj vonkaj\u0161ok ozvu\u010den\u00fd.\u00a0<br>Pros\u00edm o dodr\u017eiavanie zn\u00e1mych hygienick\u00fdch predpisov. Vonku s\u00fa pripraven\u00e9 pre v\u00e1s lavi\u010dky, vlastn\u00e9 sedenie z domu je tie\u017e v\u00edtan\u00e9. Parkovanie je mo\u017en\u00e9 aj na farskej z\u00e1hrade, vchod je na konci m\u00faru smerom na Kr\u00e1\u013eov\u00fa. <\/p>\n\n\n\n<p><strong>Tento t\u00fd\u017ede\u0148 bude ador\u00e1cia v stredu a piatok od 16:00 do 18:00 v Kostolnej. Sviatos\u0165 zmierenia v\u00e1m pon\u00fakam v stredu od 16:00 do 16:30 v Kostolnej. Pr\u00edprava det\u00ed na sv. prij\u00edmanie v slovenskom jazyku je v\u017edy utorok o 18:00. Sv\u00e4t\u00e1 om\u0161a pre deti v slovenskom jazyku bude v stredu o 18:00 v Kostolnej. Stretnutie birmovancov je ka\u017ed\u00fd piatok o 19:00 v Kostolnej. <\/strong><\/p>\n\n\n\n<p>Ver\u00edm, \u017ee vz\u00e1jomn\u00fdm re\u0161pektom a oh\u013eaduplnos\u0165ou sa budeme v\u0161etci c\u00edti\u0165 bezpe\u010dne a z\u00e1rove\u0148 duchovne pookrejeme.&nbsp;<\/p>\n\n\n\n<p>E\u0161te naposledy zopakujem, \u017ee t\u00ed, ktor\u00ed ste sa rozhodli darova\u0165 2 % z dan\u00ed na \u201eZdru\u017eenie Senec a okolie\u201c, aby ste mi, pros\u00edm, priniesli fotok\u00f3piu a&nbsp;mohli si tieto prostriedky zo zdru\u017eenia n\u00e1rokova\u0165 pri oprave kostola. \u010eakujem.<\/p>\n\n\n\n<p>V pr\u00edpade potreby ma nev\u00e1hajte kontaktova\u0165 aj telefonicky: \u202a0902 359 859\u202c.\u202c\u202c<br><\/p>\n\n\n\n<p>Som tu pre V\u00c1S!              <\/p>\n\n\n\n<p>S \u00factou, <br>Pavol Gajdo\u0161, v\u00e1\u0161 far\u00e1r\u00a0<\/p>\n\t\t\t\t","protected":false},"excerpt":{"rendered":"<p>Je\u017ei\u0161 n\u00e1m definuje priate\u013estvo ako najvy\u0161\u0161\u00ed stupe\u0148 l\u00e1sky &#8211; obety a d\u00f4very. Nastavuje n\u00e1m zrkadlo a s\u00fa\u010dasne n\u00e1m poskytuje n\u00e1vod, ako dosiahnu\u0165 tento stupe\u0148 dokonalosti &#8211; zachov\u00e1va\u0165 jeho prik\u00e1zania: &#8220;Aby ste sa milovali navz\u00e1jom&#8221;.<\/p>\n","protected":false},"author":7,"featured_media":5521,"comment_status":"closed","ping_status":"closed","sticky":false,"template":"","format":"standard","meta":{"footnotes":""},"categories":[13],"tags":[],"class_list":{"0":"entry","1":"post","2":"publish","3":"author-slado89gmail-com","4":"has-excerpt","5":"has-more-link","6":"post-5520","8":"format-standard","9":"has-post-thumbnail","10":"category-oznamy"},"_links":{"self":[{"href":"https:\/\/www.farakostolna.sk\/index.php?rest_route=\/wp\/v2\/posts\/5520","targetHints":{"allow":["GET"]}}],"collection":[{"href":"https:\/\/www.farakostolna.sk\/index.php?rest_route=\/wp\/v2\/posts"}],"about":[{"href":"https:\/\/www.farakostolna.sk\/index.php?rest_route=\/wp\/v2\/types\/post"}],"author":[{"embeddable":true,"href":"https:\/\/www.farakostolna.sk\/index.php?rest_route=\/wp\/v2\/users\/7"}],"replies":[{"embeddable":true,"href":"https:\/\/www.farakostolna.sk\/index.php?rest_route=%2Fwp%2Fv2%2Fcomments&post=5520"}],"version-history":[{"count":0,"href":"https:\/\/www.farakostolna.sk\/index.php?rest_route=\/wp\/v2\/posts\/5520\/revisions"}],"wp:featuredmedia":[{"embeddable":true,"href":"https:\/\/www.farakostolna.sk\/index.php?rest_route=\/"}],"wp:attachment":[{"href":"https:\/\/www.farakostolna.sk\/index.php?rest_route=%2Fwp%2Fv2%2Fmedia&parent=5520"}],"wp:term":[{"taxonomy":"category","embeddable":true,"href":"https:\/\/www.farakostolna.sk\/index.php?rest_route=%2Fwp%2Fv2%2Fcategories&post=5520"},{"taxonomy":"post_tag","embeddable":true,"href":"https:\/\/www.farakostolna.sk\/index.php?rest_route=%2Fwp%2Fv2%2Ftags&post=5520"}],"curies":[{"name":"wp","href":"https:\/\/api.w.org\/{rel}","templated":true}]}}