{"id":5517,"date":"2021-05-05T12:30:10","date_gmt":"2021-05-05T12:30:10","guid":{"rendered":"http:\/\/kostolna.fara.sk\/?p=5517"},"modified":"2021-05-05T12:30:10","modified_gmt":"2021-05-05T12:30:10","slug":"pozvanie-k-stiseniu-do-tone-panovho-chramu","status":"publish","type":"post","link":"https:\/\/www.farakostolna.sk\/?p=5517","title":{"rendered":"Pozvanie k st\u00ed\u0161eniu do t\u00f4ne P\u00e1novho chr\u00e1mu"},"content":{"rendered":"\n\t\t\t\t\n\t\t\t\t\n<div class=\"wp-block-image\"><figure class=\"alignleft\"><img decoding=\"async\" src=\"http:\/\/kostolna.fara.sk\/wp-content\/uploads\/2021\/05\/WhatsApp-Image-2021-05-05-at-14.15.06-1024x768.jpeg\" alt=\"\" class=\"wp-image-5518\"\/><\/figure><\/div>\n\n\n\n<p>Teraz vo \u0161tvrtok &#8211; 6. m\u00e1ja &#8211; sa kon\u00e1 celodenn\u00e1 poklona Najsv\u00e4tej\u0161ej Sviatosti v Kostolnej vo farskom kostole od 10:00 do 18:00. \u010cas vyhraden\u00fd v \u00faplnej tichosti je od 16:00 do 18:00. O 18:00 zakon\u010d\u00edme poklonu dvojjazy\u010dnou sv\u00e4tou om\u0161ou.<\/p>\n\n\n<p><!--more--><\/p>\n\n\n<p>Eucharistia, v ktorej P\u00e1n zotrv\u00e1va medzi nami, k\u00fdm nepr\u00edde v sl\u00e1ve, je stredobodom ka\u017edej cirkevnej obce. Veriaci maj\u00fa ma\u0165 najsv\u00e4tej\u0161iu Eucharistiu v najv\u00e4\u010d\u0161ej \u00facte, ktor\u00fa prejavuj\u00fa nielen t\u00fdm, \u017ee sa akt\u00edvne z\u00fa\u010dast\u0148uj\u00fa na sl\u00e1ven\u00ed najsv\u00e4tej\u0161ej obety a s najv\u00e4\u010d\u0161ou n\u00e1bo\u017enos\u0165ou a \u010dasto prij\u00edmaj\u00fa t\u00fato sviatos\u0165, ale aj t\u00fdm, \u017ee ju uctievaj\u00fa v hlbokej poklone.<\/p>\n\n\n\n<p>Povzbudzujeme v\u00e1s k \u00fa\u010dasti na poklone jednotlivo i spolo\u010dne.<\/p>\n\t\t\t\t","protected":false},"excerpt":{"rendered":"<p>Teraz vo \u0161tvrtok &#8211; 6. m\u00e1ja &#8211; sa kon\u00e1 celodenn\u00e1 poklona Najsv\u00e4tej\u0161ej Sviatosti v Kostolnej vo farskom kostole od 10:00 do 18:00. \u010cas vyhraden\u00fd v \u00faplnej tichosti je od 16:00 do 18:00. O 18:00 zakon\u010d\u00edme poklonu dvojjazy\u010dnou sv\u00e4tou om\u0161ou.<\/p>\n","protected":false},"author":7,"featured_media":5518,"comment_status":"closed","ping_status":"closed","sticky":false,"template":"","format":"standard","meta":{"footnotes":""},"categories":[1],"tags":[],"class_list":{"0":"entry","1":"post","2":"publish","3":"author-slado89gmail-com","4":"has-excerpt","5":"has-more-link","6":"post-5517","8":"format-standard","9":"has-post-thumbnail","10":"category-uncategorized"},"_links":{"self":[{"href":"https:\/\/www.farakostolna.sk\/index.php?rest_route=\/wp\/v2\/posts\/5517","targetHints":{"allow":["GET"]}}],"collection":[{"href":"https:\/\/www.farakostolna.sk\/index.php?rest_route=\/wp\/v2\/posts"}],"about":[{"href":"https:\/\/www.farakostolna.sk\/index.php?rest_route=\/wp\/v2\/types\/post"}],"author":[{"embeddable":true,"href":"https:\/\/www.farakostolna.sk\/index.php?rest_route=\/wp\/v2\/users\/7"}],"replies":[{"embeddable":true,"href":"https:\/\/www.farakostolna.sk\/index.php?rest_route=%2Fwp%2Fv2%2Fcomments&post=5517"}],"version-history":[{"count":0,"href":"https:\/\/www.farakostolna.sk\/index.php?rest_route=\/wp\/v2\/posts\/5517\/revisions"}],"wp:featuredmedia":[{"embeddable":true,"href":"https:\/\/www.farakostolna.sk\/index.php?rest_route=\/"}],"wp:attachment":[{"href":"https:\/\/www.farakostolna.sk\/index.php?rest_route=%2Fwp%2Fv2%2Fmedia&parent=5517"}],"wp:term":[{"taxonomy":"category","embeddable":true,"href":"https:\/\/www.farakostolna.sk\/index.php?rest_route=%2Fwp%2Fv2%2Fcategories&post=5517"},{"taxonomy":"post_tag","embeddable":true,"href":"https:\/\/www.farakostolna.sk\/index.php?rest_route=%2Fwp%2Fv2%2Ftags&post=5517"}],"curies":[{"name":"wp","href":"https:\/\/api.w.org\/{rel}","templated":true}]}}