{"id":5506,"date":"2021-04-30T20:02:49","date_gmt":"2021-04-30T20:02:49","guid":{"rendered":"http:\/\/kostolna.fara.sk\/?p=5506"},"modified":"2021-04-30T20:02:49","modified_gmt":"2021-04-30T20:02:49","slug":"farske-oznamy-a-zamyslenie-02-05-2021","status":"publish","type":"post","link":"https:\/\/www.farakostolna.sk\/?p=5506","title":{"rendered":"Farsk\u00e9 oznamy a zamyslenie (02.05.2021)"},"content":{"rendered":"\n\t\t\t\t\n\t\t\t\t\n<div class=\"wp-block-image\"><figure class=\"alignleft is-resized\"><img loading=\"lazy\" decoding=\"async\" src=\"http:\/\/kostolna.fara.sk\/wp-content\/uploads\/2021\/04\/WhatsApp-Image-2021-04-30-at-20.09.56-1024x576.jpeg\" alt=\"\" class=\"wp-image-5507\" width=\"426\" height=\"239\"\/><\/figure><\/div>\n\n\n\n<p>Bezo m\u0148a nem\u00f4\u017eete ni\u010d urobi\u0165. Tr\u00fafal\u00e9? \u010co tak dovysvetli\u0165 to &#8220;ni\u010d trval\u00e9 a spr\u00e1vne&#8221; urobi\u0165.<\/p>\n\n\n\n<p>V hist\u00f3rii sme sa pri mnoh\u00fdch sv\u00e4t\u00fdch presved\u010dili, \u017ee skuto\u010dn\u00e9 Bo\u017eie diela s\u00fa trval\u00e9 a ve\u013emi dobr\u00e9. Klasick\u00fd svetsk\u00fd aktivizmus, nad\u0161enie, \u010di vytrvalos\u0165 by ur\u010dite neuspeli. A \u010do my, vklad\u00e1me na\u0161e diela do Bo\u017e\u00edch r\u00fak?<\/p>\n\n\n<p><!--more--><\/p>\n\n\n<p><strong>Sv\u00e4t\u00e9 om\u0161e u n\u00e1s s nede\u013enou platnos\u0165ou:<\/strong><\/p>\n\n\n\n<p><strong>Sobota &#8211; 1.5.2021<\/strong><\/p>\n\n\n\n<ul class=\"wp-block-list\"><li>Hrub\u00fd \u0160\u00far: 16:00 (ma\u010f.)<\/li><li>Hrub\u00e1 Bor\u0161a: 17:00 (slov. &#8211; ma\u010f.) <\/li><li>Kostoln\u00e1: 18:00 (slov.) <\/li><\/ul>\n\n\n\n<p><strong>Nede\u013ea &#8211; 2.5.2021<\/strong><\/p>\n\n\n\n<ul class=\"wp-block-list\"><li>Hrub\u00fd \u0160\u00far: 8:00 (ma\u010f.) <\/li><li>Kostoln\u00e1: 9:30 (ma\u010f.)<\/li><li>Kostoln\u00e1: 11:00 (slov.) <\/li><\/ul>\n\n\n\n<p><strong>Sv. om\u0161e<\/strong> s\u00fa zabezpe\u010den\u00e9<strong> v nede\u013eu aj online<\/strong> cez Facebook Fara Kostolna o 9:30 v ma\u010farskom a 11:00 v slovenskom jazyku. <br><br>Ke\u010f\u017ee u\u017e m\u00f4\u017eeme sl\u00e1vi\u0165 sv\u00e4t\u00e9 om\u0161e verejn\u00fdm sp\u00f4sobom, osobitne bude <strong>sv. prij\u00edmanie v nedele len v Kostolnej od 13:00 do 13:30.<\/strong><\/p>\n\n\n\n<p>Sv\u00e4t\u00e9 om\u0161e v na\u0161ej farnosti pre zn\u00e1mu situ\u00e1ciu sl\u00e1vime preva\u017ene v exteri\u00e9ri, t.j. vonku na farskom dvore v Kostolnej pri Dunaji. \u277c<\/p>\n\n\n\n<p>Po vyjadreniach sekretari\u00e1tu Arcibiskupsk\u00e9ho \u00faradu v Bratislave a posledn\u00fdch usmerneniach Region\u00e1lneho \u00faradu verejn\u00e9ho zdravotn\u00edctva m\u00f4\u017ee by\u0165 na bohoslu\u017ebe (je jedno \u010di interi\u00e9r alebo exteri\u00e9r) na dan\u00fa plochu jeden dospel\u00fd \u010dlovek na 15m2. V na\u0161om pr\u00edpade (pod\u013ea odborn\u00e9ho zamerania) je to na celoozvu\u010den\u00fd&nbsp; farsk\u00fd dvor 275 dospel\u00fdch os\u00f4b. Deti do 10 rokov v sprievode dospel\u00fdch sa nezapo\u010d\u00edtavaj\u00fa. Pr\u00edzvukujem, treba ale dodr\u017eiava\u0165 rozostupy.&nbsp;<\/p>\n\n\n\n<p>Pokia\u013e bude niekedy ve\u013emi nepriazniv\u00e9 po\u010dasie, sv\u00e4t\u00e1 om\u0161a bude sl\u00e1ven\u00e1 v interi\u00e9ri (dovolen\u00fd po\u010det dospel\u00fdch je zatia\u013e iba 15), av\u0161ak i vtedy bude aj vonkaj\u0161ok najm\u00e4 v nedele cel\u00fd ozvu\u010den\u00fd.&nbsp;<br><br>Pros\u00edm o dodr\u017eiavanie zn\u00e1mych hygienick\u00fdch predpisov. Pripraven\u00e9 s\u00fa lavi\u010dky, odpor\u00fa\u010dam sa na von teplej\u0161ie obliec\u0165, vlastn\u00e9 sedenie z domu je tie\u017e v\u00edtan\u00e9. Parkovanie je mo\u017en\u00e9 aj na farskej z\u00e1hrade, vchod je na konci m\u00faru smerom na Kr\u00e1\u013eov\u00fa. <\/p>\n\n\n\n<p><strong>Ador\u00e1cia je ka\u017ed\u00fa stredu, \u0161tvrtok a piatok od 16:00 do 18:00 v Kostolnej. Sv\u00e4t\u00fa spove\u010f vysluhujem v stredu a vo \u0161tvrtok od 16:00 do 17:50 v Kostolnej. Chor\u00fdch budem spoveda\u0165 tento piatok v Kostolnej od 8:00 do 10:00 a v Hrubom \u0160\u00fare od 10:00 do 12:00.<\/strong><\/p>\n\n\n\n<p><strong>Pr\u00edprava det\u00ed na sv. prij\u00edmanie v slovenskom jazyku je v\u017edy utorok o 18:00.<\/strong> Sv\u00e4t\u00e1 om\u0161a pre deti v ma\u010farskom jazyku bude v t\u00fato stredu o 18:00 v Kostolnej. <strong>Stretnutie birmovancov je ka\u017ed\u00fd piatok o 19:00<\/strong> v Kostolnej. Minulot\u00fd\u017ed\u0148ov\u00e1 zbierka na semin\u00e1r vyniesla v na\u0161ej farnosti 879,42 \u20ac. Peniaze som e\u0161te v pondelok preposlal na dan\u00fd \u00fa\u010det. <\/p>\n\n\n\n<p>T\u00ed, ktor\u00ed ste sa rozhodli darova\u0165 2 % z dan\u00ed na \u201eZdru\u017eenie Senec a okolie\u201c, pros\u00edm, aby ste mi priniesli fotok\u00f3piu, aby sme si tieto prostriedky vedeli zo zdru\u017eenia n\u00e1rokova\u0165 pri oprave kostola. \u010eakujem.<\/p>\n\n\n\n<p>Ver\u00edm, \u017ee vz\u00e1jomn\u00fdm re\u0161pektom a oh\u013eaduplnos\u0165ou sa budeme c\u00edti\u0165 bezpe\u010dne a z\u00e1rove\u0148 duchovne pookrejeme. Te\u0161\u00edme sa na V\u00e1s!<\/p>\n\n\n\n<p>V pr\u00edpade potreby ma nev\u00e1hajte kontaktova\u0165 aj telefonicky: \u202a0902 359 859\u202c.\u202c\u202c<br><br>Som tu pre V\u00c1S!                     <br>S \u00factou, <br>Pavol Gajdo\u0161, v\u00e1\u0161 far\u00e1r<\/p>\n\t\t\t\t","protected":false},"excerpt":{"rendered":"<p>Bezo m\u0148a nem\u00f4\u017eete ni\u010d urobi\u0165. Tr\u00fafal\u00e9? \u010co tak dovysvetli\u0165 to &#8220;ni\u010d trval\u00e9 a spr\u00e1vne&#8221; urobi\u0165. V hist\u00f3rii sme sa pri mnoh\u00fdch sv\u00e4t\u00fdch presved\u010dili, \u017ee skuto\u010dn\u00e9 Bo\u017eie diela s\u00fa trval\u00e9 a ve\u013emi dobr\u00e9. Klasick\u00fd svetsk\u00fd aktivizmus, nad\u0161enie, \u010di vytrvalos\u0165 by ur\u010dite neuspeli. A \u010do my, vklad\u00e1me na\u0161e diela do Bo\u017e\u00edch r\u00fak?<\/p>\n","protected":false},"author":7,"featured_media":5507,"comment_status":"closed","ping_status":"closed","sticky":false,"template":"","format":"standard","meta":{"footnotes":""},"categories":[13],"tags":[],"class_list":{"0":"entry","1":"post","2":"publish","3":"author-slado89gmail-com","4":"has-excerpt","5":"has-more-link","6":"post-5506","8":"format-standard","9":"has-post-thumbnail","10":"category-oznamy"},"_links":{"self":[{"href":"https:\/\/www.farakostolna.sk\/index.php?rest_route=\/wp\/v2\/posts\/5506","targetHints":{"allow":["GET"]}}],"collection":[{"href":"https:\/\/www.farakostolna.sk\/index.php?rest_route=\/wp\/v2\/posts"}],"about":[{"href":"https:\/\/www.farakostolna.sk\/index.php?rest_route=\/wp\/v2\/types\/post"}],"author":[{"embeddable":true,"href":"https:\/\/www.farakostolna.sk\/index.php?rest_route=\/wp\/v2\/users\/7"}],"replies":[{"embeddable":true,"href":"https:\/\/www.farakostolna.sk\/index.php?rest_route=%2Fwp%2Fv2%2Fcomments&post=5506"}],"version-history":[{"count":0,"href":"https:\/\/www.farakostolna.sk\/index.php?rest_route=\/wp\/v2\/posts\/5506\/revisions"}],"wp:featuredmedia":[{"embeddable":true,"href":"https:\/\/www.farakostolna.sk\/index.php?rest_route=\/"}],"wp:attachment":[{"href":"https:\/\/www.farakostolna.sk\/index.php?rest_route=%2Fwp%2Fv2%2Fmedia&parent=5506"}],"wp:term":[{"taxonomy":"category","embeddable":true,"href":"https:\/\/www.farakostolna.sk\/index.php?rest_route=%2Fwp%2Fv2%2Fcategories&post=5506"},{"taxonomy":"post_tag","embeddable":true,"href":"https:\/\/www.farakostolna.sk\/index.php?rest_route=%2Fwp%2Fv2%2Ftags&post=5506"}],"curies":[{"name":"wp","href":"https:\/\/api.w.org\/{rel}","templated":true}]}}