{"id":5494,"date":"2021-04-23T15:23:28","date_gmt":"2021-04-23T15:23:28","guid":{"rendered":"http:\/\/kostolna.fara.sk\/?p=5494"},"modified":"2021-04-23T15:23:28","modified_gmt":"2021-04-23T15:23:28","slug":"farske-oznamy-a-zamyslenie-25-04-2021","status":"publish","type":"post","link":"https:\/\/www.farakostolna.sk\/?p=5494","title":{"rendered":"Farsk\u00e9 oznamy a zamyslenie (25.04.2021)"},"content":{"rendered":"\n\t\t\t\t\n\t\t\t\t\n<div class=\"wp-block-image\"><figure class=\"alignleft is-resized\"><img loading=\"lazy\" decoding=\"async\" src=\"http:\/\/kostolna.fara.sk\/wp-content\/uploads\/2021\/04\/WhatsApp-Image-2021-04-23-at-15.14.41-1024x769.jpeg\" alt=\"\" class=\"wp-image-5495\" width=\"501\" height=\"376\"\/><\/figure><\/div>\n\n\n\n<p>Mnoh\u00ed mo\u017eno m\u00e1me doma obr\u00e1zok Dobr\u00e9ho pastiera. Ak sme v \u00falohe &#8220;ove\u010dky&#8221;, tak sa pred n\u00edm neskr\u00fdvajme. Ak sme u\u017e n\u00e1jden\u00ed, \u010di obr\u00e1ten\u00ed, naberme odvahu a nebojme sa h\u013eada\u0165 &#8220;straten\u00e9 ove\u010dky&#8221;. Aj v tomto m\u00e1me Je\u017ei\u0161a napodob\u0148ova\u0165.<\/p>\n\n\n<p><!--more--><\/p>\n\n\n<p><strong>Sv\u00e4t\u00e9 om\u0161e u n\u00e1s s nede\u013enou platnos\u0165ou:<\/strong><\/p>\n\n\n\n<p><strong>Sobota 24.4.2021<\/strong><\/p>\n\n\n\n<ul class=\"wp-block-list\"><li>Hrub\u00fd \u0160\u00far: 16:00 (ma\u010f.) <\/li><li>Hrub\u00e1 Bor\u0161a: 17:00 (slov. &#8211; ma\u010f.) <\/li><li>Kostoln\u00e1: 18:00 (slov.) <\/li><\/ul>\n\n\n\n<p><strong>Nede\u013ea 25.4.2021<\/strong><\/p>\n\n\n\n<ul class=\"wp-block-list\"><li>Hrub\u00fd \u0160\u00far: 8:00 (ma\u010f.) <\/li><li>Kostoln\u00e1: 9:30 (ma\u010f.) <\/li><li>Kostoln\u00e1: 11:00 (slov.) <\/li><\/ul>\n\n\n\n<p>Ke\u010f\u017ee u\u017e m\u00f4\u017eeme sl\u00e1vi\u0165 sv\u00e4t\u00e9 om\u0161e verejn\u00fdm sp\u00f4sobom, <strong>sv\u00e4t\u00e9 prij\u00edmanie<\/strong> mimo sv\u00e4tej om\u0161e budem rozd\u00e1va\u0165 <strong>v nedele len v Kostolnej v \u010dase od 13:00 do 13:30. <\/strong><\/p>\n\n\n\n<p>Sv\u00e4t\u00e9 om\u0161e v na\u0161ej farnosti pre zn\u00e1mu situ\u00e1ciu sl\u00e1vime preva\u017ene v exteri\u00e9ri, t.j. vonku na farskom dvore v Kostolnej pri Dunaji.<\/p>\n\n\n\n<p>Po vyjadreniach sekretari\u00e1tu Arcibiskupsk\u00e9ho \u00faradu v Bratislave a posledn\u00fdch usmerneniach Region\u00e1lneho \u00faradu verejn\u00e9ho zdravotn\u00edctva m\u00f4\u017ee by\u0165 na bohoslu\u017ebe (je jedno \u010di interi\u00e9r alebo exteri\u00e9r) na dan\u00fa plochu jeden dospel\u00fd \u010dlovek na 15m2. V na\u0161om pr\u00edpade (pod\u013ea odborn\u00e9ho zamerania) je to na celoozvu\u010den\u00fd  farsk\u00fd dvor 275 dospel\u00fdch os\u00f4b. Deti v sprievode dospel\u00fdch sa nezapo\u010d\u00edtavaj\u00fa. Pr\u00edzvukujem, treba ale dodr\u017eiava\u0165 rozostupy. <\/p>\n\n\n\n<p>Pokia\u013e bude niekedy ve\u013emi nepriazniv\u00e9 po\u010dasie, sv\u00e4t\u00e1 om\u0161a bude sl\u00e1ven\u00e1 v interi\u00e9ri, av\u0161ak i vtedy bude aj vonkaj\u0161ok najm\u00e4 v nedele cel\u00fd ozvu\u010den\u00fd. <br><br>Pros\u00edm o dodr\u017eiavanie zn\u00e1mych hygienick\u00fdch predpisov. Pripraven\u00fdch bude aj mnoho lavi\u010diek, odpor\u00fa\u010dam sa na von teplej\u0161ie obliec\u0165, vlastn\u00e9 sedenie z domu je dovolen\u00e9. Parkovanie bude mo\u017en\u00e9 aj na farskej z\u00e1hrade, vchod na z\u00e1hradu je na konci m\u00faru smerom na Kr\u00e1\u013eov\u00fa. <\/p>\n\n\n\n<p><strong>Ador\u00e1cia je ka\u017ed\u00fd t\u00fd\u017ede\u0148 v stredu, \u0161tvrtok a piatok od 16:00 do 18:00 v Kostolnej. <\/strong><\/p>\n\n\n\n<p><strong>Sviatos\u0165 zmierenia vysluhujem v stredu a vo \u0161tvrtok od 16:00 do 17:50 v Kostolnej. <\/strong><\/p>\n\n\n\n<p><span style=\"color:red\"><strong>Sv\u00e4t\u00e1 om\u0161a pre deti bude v stredu o 18:00 v Kostolnej.<\/strong><\/span><\/p>\n\n\n\n<p><strong>Stretnutie birmovancov bude v piatok o 19:00 v Kostolnej. <\/strong><\/p>\n\n\n\n<p>Ver\u00edm, \u017ee vz\u00e1jomn\u00fdm re\u0161pektom a oh\u013eaduplnos\u0165ou sa budeme c\u00edti\u0165 bezpe\u010dne a z\u00e1rove\u0148 duchovne pookrejeme. <\/p>\n\n\n\n<p>S \u00factou, <br>Pavol Gajdo\u0161, v\u00e1\u0161 far\u00e1r<\/p>\n\t\t\t\t","protected":false},"excerpt":{"rendered":"<p>Mnoh\u00ed mo\u017eno m\u00e1me doma obr\u00e1zok Dobr\u00e9ho pastiera. Ak sme v \u00falohe &#8220;ove\u010dky&#8221;, tak sa pred n\u00edm neskr\u00fdvajme. Ak sme u\u017e n\u00e1jden\u00ed, \u010di obr\u00e1ten\u00ed, naberme odvahu a nebojme sa h\u013eada\u0165 &#8220;straten\u00e9 ove\u010dky&#8221;. Aj v tomto m\u00e1me Je\u017ei\u0161a napodob\u0148ova\u0165.<\/p>\n","protected":false},"author":7,"featured_media":5495,"comment_status":"closed","ping_status":"closed","sticky":false,"template":"","format":"standard","meta":{"footnotes":""},"categories":[13],"tags":[],"class_list":{"0":"entry","1":"post","2":"publish","3":"author-slado89gmail-com","4":"has-excerpt","5":"has-more-link","6":"post-5494","8":"format-standard","9":"has-post-thumbnail","10":"category-oznamy"},"_links":{"self":[{"href":"https:\/\/www.farakostolna.sk\/index.php?rest_route=\/wp\/v2\/posts\/5494","targetHints":{"allow":["GET"]}}],"collection":[{"href":"https:\/\/www.farakostolna.sk\/index.php?rest_route=\/wp\/v2\/posts"}],"about":[{"href":"https:\/\/www.farakostolna.sk\/index.php?rest_route=\/wp\/v2\/types\/post"}],"author":[{"embeddable":true,"href":"https:\/\/www.farakostolna.sk\/index.php?rest_route=\/wp\/v2\/users\/7"}],"replies":[{"embeddable":true,"href":"https:\/\/www.farakostolna.sk\/index.php?rest_route=%2Fwp%2Fv2%2Fcomments&post=5494"}],"version-history":[{"count":0,"href":"https:\/\/www.farakostolna.sk\/index.php?rest_route=\/wp\/v2\/posts\/5494\/revisions"}],"wp:featuredmedia":[{"embeddable":true,"href":"https:\/\/www.farakostolna.sk\/index.php?rest_route=\/"}],"wp:attachment":[{"href":"https:\/\/www.farakostolna.sk\/index.php?rest_route=%2Fwp%2Fv2%2Fmedia&parent=5494"}],"wp:term":[{"taxonomy":"category","embeddable":true,"href":"https:\/\/www.farakostolna.sk\/index.php?rest_route=%2Fwp%2Fv2%2Fcategories&post=5494"},{"taxonomy":"post_tag","embeddable":true,"href":"https:\/\/www.farakostolna.sk\/index.php?rest_route=%2Fwp%2Fv2%2Ftags&post=5494"}],"curies":[{"name":"wp","href":"https:\/\/api.w.org\/{rel}","templated":true}]}}