{"id":5470,"date":"2021-04-16T18:59:24","date_gmt":"2021-04-16T18:59:24","guid":{"rendered":"http:\/\/kostolna.fara.sk\/?p=5470"},"modified":"2021-04-16T18:59:24","modified_gmt":"2021-04-16T18:59:24","slug":"farske-oznamy-a-zamyslenie-18-04-2021","status":"publish","type":"post","link":"https:\/\/www.farakostolna.sk\/?p=5470","title":{"rendered":"Farsk\u00e9 oznamy a zamyslenie (18.04.2021)"},"content":{"rendered":"\n\t\t\t\t\n\t\t\t\t\n<div class=\"wp-block-image\"><figure class=\"alignleft is-resized\"><img loading=\"lazy\" decoding=\"async\" src=\"http:\/\/kostolna.fara.sk\/wp-content\/uploads\/2021\/04\/WhatsApp-Image-2021-04-16-at-19.21.31.jpeg\" alt=\"\" class=\"wp-image-5471\" width=\"473\" height=\"236\"\/><\/figure><\/div>\n\n\n\n<p>Pokoj v\u00e1m. Tam, kde je rozdelenie, neistota, strach, prenasledovanie, utrpenie,\u2026 Je\u017ei\u0161 prin\u00e1\u0161a POKOJ, ktor\u00fd prevy\u0161uje v\u0161etku ch\u00e1pavos\u0165. Od n\u00e1s sa chce &#8220;iba&#8221; to, aby sme ho d\u00e1vali \u010falej.<\/p>\n\n\n<p><!--more--><\/p>\n\n\n<p><strong>Sv\u00e4t\u00e9 prij\u00edmanie na Tretiu ve\u013ekono\u010dn\u00fa nede\u013eu &#8211; 18. apr\u00edla 2021 <\/strong><\/p>\n\n\n\n<figure class=\"wp-block-image\"><img decoding=\"async\" src=\"http:\/\/kostolna.fara.sk\/wp-content\/uploads\/2021\/04\/image-1-1024x325.png\" alt=\"\" class=\"wp-image-5485\"\/><\/figure>\n\n\n\n<p><span style=\"color:red\"><strong>Po \u010diasto\u010dnom uvo\u013enen\u00ed opatren\u00ed, ako to len bude pre po\u010dasie mo\u017en\u00e9, sa bud\u00fa sv\u00e4t\u00e9 om\u0161e sl\u00e1vi\u0165 v&nbsp;Kostolnej vonku na farskom dvore pod pr\u00edstre\u0161kom.<\/strong><\/span><br><\/p>\n\n\n\n<p>V <strong>stredu, \u0161tvrtok a v piatok<\/strong> bude pre v\u00e1s <strong>vylo\u017een\u00e1 Sviatos\u0165 Olt\u00e1rna<\/strong> k poklone od <strong>16:00 do 18:00<\/strong> vo farskom kostole.<\/p>\n\n\n\n<p>K<strong> sviatosti zmierenia<\/strong> budem k dispoz\u00edci\u00ed <strong>v stredu a vo \u0161tvrtok od 16:00 do 18:00<\/strong> pod pr\u00edstre\u0161kom.<br><\/p>\n\n\n\n<p><strong>V t\u00fato nede\u013eu &#8211; 18. apr\u00edla 2021 &#8211; bude ve\u013ekono\u010dn\u00fd koncert Maro\u0161a Banga a S\u00e1\u0161ky Bangovej s n\u00e1zvom \u201eVol\u00e1m \u0164a, l\u00e1ska\u201c pren\u00e1\u0161an\u00fd online cez Facebook na\u017eivo z n\u00e1\u0161ho farsk\u00e9ho kostola o 18:00. Koncert bude dostupn\u00fd <\/strong><a href=\"https:\/\/www.facebook.com\/Maro%C5%A1-Bango-264466730966\/?ref=hl\"><strong>na tejto linke<\/strong><\/a><strong>.<\/strong><br><\/p>\n\n\n\n<p>Na bud\u00facu \u201enede\u013eu dobr\u00e9ho pastiera\u201c m\u00e1me ka\u017edoro\u010dn\u00fa zbierku na semin\u00e1r.<\/p>\n\n\n\n<p>Op\u00e4\u0165 pokra\u010dujeme v pr\u00edprav\u00e1ch na prv\u00e9 sv\u00e4t\u00e9 prij\u00edmanie a birmovku. <br><\/p>\n\n\n\n<p>V t\u00fdchto d\u0148och pre v\u00e1s dokon\u010dujeme aj nov\u00e9 ozvu\u010denie. T\u00fdmto z\u00e1rove\u0148 \u010fakujem za pomoc.<\/p>\n\n\n\n<p>E\u0161te st\u00e1le je mo\u017en\u00e9 darova\u0165 2 % z dan\u00ed na \u201eZdru\u017eenie Senec a okolie\u201c, z ktor\u00e9ho potom vieme \u010derpa\u0165 prostriedky na opravu farsk\u00e9ho kostola. Tla\u010div\u00e1 s\u00fa k dispoz\u00edcii <a href=\"http:\/\/kostolna.fara.sk\/postup-krokov-na-poukazanie-2\/\">na farskej str\u00e1nke na stiahnutie.<\/a> Pros\u00edm, aby ste po odoslan\u00ed dokladu na da\u0148ov\u00fd \u00farad, mi priniesli fotok\u00f3piu do po\u0161tovej schr\u00e1nky, aby sme si tieto prostriedky vedeli zo zdru\u017eenia n\u00e1rokova\u0165. Vopred \u010fakujem.<br><br>V pr\u00edpade potreby ma nev\u00e1hajte kontaktova\u0165 aj telefonicky: \u202a0902 359 859\u202c.\u202c\u202c<\/p>\n\n\n\n<p>Som tu pre V\u00c1S!                    <br><br>S \u00factou, <br>Pavol Gajdo\u0161, v\u00e1\u0161 far\u00e1r <\/p>\n\t\t\t\t","protected":false},"excerpt":{"rendered":"<p>Pokoj v\u00e1m. Tam, kde je rozdelenie, neistota, strach, prenasledovanie, utrpenie,\u2026 Je\u017ei\u0161 prin\u00e1\u0161a POKOJ, ktor\u00fd prevy\u0161uje v\u0161etku ch\u00e1pavos\u0165. Od n\u00e1s sa chce &#8220;iba&#8221; to, aby sme ho d\u00e1vali \u010falej.<\/p>\n","protected":false},"author":7,"featured_media":5471,"comment_status":"closed","ping_status":"closed","sticky":false,"template":"","format":"standard","meta":{"footnotes":""},"categories":[13],"tags":[],"class_list":{"0":"entry","1":"post","2":"publish","3":"author-slado89gmail-com","4":"has-excerpt","5":"has-more-link","6":"post-5470","8":"format-standard","9":"has-post-thumbnail","10":"category-oznamy"},"_links":{"self":[{"href":"https:\/\/www.farakostolna.sk\/index.php?rest_route=\/wp\/v2\/posts\/5470","targetHints":{"allow":["GET"]}}],"collection":[{"href":"https:\/\/www.farakostolna.sk\/index.php?rest_route=\/wp\/v2\/posts"}],"about":[{"href":"https:\/\/www.farakostolna.sk\/index.php?rest_route=\/wp\/v2\/types\/post"}],"author":[{"embeddable":true,"href":"https:\/\/www.farakostolna.sk\/index.php?rest_route=\/wp\/v2\/users\/7"}],"replies":[{"embeddable":true,"href":"https:\/\/www.farakostolna.sk\/index.php?rest_route=%2Fwp%2Fv2%2Fcomments&post=5470"}],"version-history":[{"count":0,"href":"https:\/\/www.farakostolna.sk\/index.php?rest_route=\/wp\/v2\/posts\/5470\/revisions"}],"wp:featuredmedia":[{"embeddable":true,"href":"https:\/\/www.farakostolna.sk\/index.php?rest_route=\/"}],"wp:attachment":[{"href":"https:\/\/www.farakostolna.sk\/index.php?rest_route=%2Fwp%2Fv2%2Fmedia&parent=5470"}],"wp:term":[{"taxonomy":"category","embeddable":true,"href":"https:\/\/www.farakostolna.sk\/index.php?rest_route=%2Fwp%2Fv2%2Fcategories&post=5470"},{"taxonomy":"post_tag","embeddable":true,"href":"https:\/\/www.farakostolna.sk\/index.php?rest_route=%2Fwp%2Fv2%2Ftags&post=5470"}],"curies":[{"name":"wp","href":"https:\/\/api.w.org\/{rel}","templated":true}]}}