{"id":5429,"date":"2021-04-09T18:52:39","date_gmt":"2021-04-09T18:52:39","guid":{"rendered":"http:\/\/kostolna.fara.sk\/?p=5429"},"modified":"2021-04-09T18:52:39","modified_gmt":"2021-04-09T18:52:39","slug":"farske-oznamy-a-zamyslenie-11-04-2021","status":"publish","type":"post","link":"https:\/\/www.farakostolna.sk\/?p=5429","title":{"rendered":"Farsk\u00e9 oznamy a zamyslenie (11.04.2021)"},"content":{"rendered":"\n\t\t\t\t\n\t\t\t\t\n<div class=\"wp-block-image\"><figure class=\"alignleft is-resized\"><img loading=\"lazy\" decoding=\"async\" src=\"http:\/\/kostolna.fara.sk\/wp-content\/uploads\/2021\/04\/WhatsApp-Image-2021-04-09-at-19.24.46.jpeg\" alt=\"\" class=\"wp-image-5430\" width=\"456\" height=\"303\"\/><\/figure><\/div>\n\n\n\n<p>Ak Boh existuje, tak urob\u00ed toto a neurob\u00ed tamto. Nie sme aj my niekedy ako sv\u00e4t\u00fd Tom\u00e1\u0161, ktor\u00fd si dal podmienku pre to, aby uveril? Prosme Boha slovami: \u201eVer\u00edm, Pane; pom\u00f4\u017e mojej nevere!\u201c<\/p>\n\n\n<p><!--more--><\/p>\n\n\n<p>Pokia\u013e sa e\u0161te st\u00e1le nem\u00f4\u017eu&nbsp;sl\u00e1vi\u0165 sv. om\u0161e verejn\u00fdm sp\u00f4sobom, niektor\u00e9 vysielame z Kostolnej pri Dunaji pod\u013ea rozpisu cez internet Facebook Fara Kostoln\u00e1. Medzit\u00fdm ale vysluhujeme sv\u00e4t\u00e9 prij\u00edmanie a sviatos\u0165 zmierenia. <br><br>D\u00e1vam do pozornosti:<br><br><strong>Sv\u00e4t\u00e9 prij\u00edmanie na Druh\u00fa ve\u013ekono\u010dn\u00fa nede\u013eu &#8211; 11. apr\u00edla 2021 <\/strong><\/p>\n\n\n\n<div class=\"wp-block-image\"><figure class=\"aligncenter is-resized\"><img loading=\"lazy\" decoding=\"async\" src=\"http:\/\/kostolna.fara.sk\/wp-content\/uploads\/2021\/04\/V\u00fdst\u0159i\u017eek-1024x471.png\" alt=\"\" class=\"wp-image-5452\" width=\"600\" height=\"277\"\/><\/figure><\/div>\n\n\n\n<p>V&nbsp;<strong>ostatn\u00e9 dni<\/strong> (po\u010dn\u00fac utorkom do soboty) pon\u00fakam mo\u017enos\u0165 prist\u00fapi\u0165 k&nbsp;sv\u00e4t\u00e9mu prij\u00edmaniu, pr\u00edpadne k sv\u00e4tej spovedi, v&nbsp;Kostolnej pri Dunaji vonku na farskom dvore pod pr\u00edstre\u0161kom <strong>denne od 16:00 do 18:00<\/strong>.<\/p>\n\n\n\n<p>Hne\u010f, ako to bude len mo\u017en\u00e9, za\u010dneme sv\u00e4t\u00e9 om\u0161e sl\u00fa\u017ei\u0165 vonku na farskom dvore pod pr\u00edstre\u0161kom. Sledujte preto pros\u00edm priebe\u017ene na\u0161e farsk\u00e9 oznamy.    <\/p>\n\n\n\n<p>V&nbsp;t\u00fato nede\u013eu 11. apr\u00edla napoludnie sa na desa\u0165 min\u00fat rozoznej\u00fa zvony katol\u00edckych kostolov na Slovensku, aby veriacich pozvali k modlitbe za t\u00fdch, ktor\u00ed zomreli na ochorenie Covid-19 i za v\u0161etky ostatn\u00e9 obete pand\u00e9mie. T\u00fato nede\u013eu vybrali otcovia biskupi, aby sme prosili o Bo\u017eie milosrdenstvo pre zosnul\u00fdch a o Bo\u017eiu pomoc pre pozostal\u00fdch.<\/p>\n\n\n\n<p>Aj tento rok je mo\u017en\u00e9 darova\u0165 2 % z dan\u00ed na \u201eZdru\u017eenie Senec a okolie\u201c, z ktor\u00e9ho potom vieme \u010derpa\u0165 prostriedky na opravu farsk\u00e9ho kostola. Tla\u010div\u00e1 s\u00fa k dispoz\u00edcii <a href=\"http:\/\/kostolna.fara.sk\/postup-krokov-na-poukazanie-2\/\">na farskej str\u00e1nke na stiahnutie.<\/a> Pros\u00edm, aby ste po odoslan\u00ed dokladu na da\u0148ov\u00fd \u00farad, mi priniesli fotok\u00f3piu do po\u0161tovej schr\u00e1nky, aby sme si tieto prostriedky vedeli zo zdru\u017eenia n\u00e1rokova\u0165. Vopred \u010fakujem.<\/p>\n\n\n\n<p>V pr\u00edpade potreby ma nev\u00e1hajte kontaktova\u0165 aj telefonicky: \u202a0902 359 859\u202c.\u202c<\/p>\n\n\n\n<p>Som tu pre V\u00c1S!                     <br><br>S \u00factou, <br>Pavol Gajdo\u0161, v\u00e1\u0161 far\u00e1r<\/p>\n\t\t\t\t","protected":false},"excerpt":{"rendered":"<p>Ak Boh existuje, tak urob\u00ed toto a neurob\u00ed tamto. Nie sme aj my niekedy ako sv\u00e4t\u00fd Tom\u00e1\u0161, ktor\u00fd si dal podmienku pre to, aby uveril? Prosme Boha slovami: \u201eVer\u00edm, Pane; pom\u00f4\u017e mojej nevere!\u201c<\/p>\n","protected":false},"author":7,"featured_media":5430,"comment_status":"closed","ping_status":"closed","sticky":false,"template":"","format":"standard","meta":{"footnotes":""},"categories":[13],"tags":[],"class_list":{"0":"entry","1":"post","2":"publish","3":"author-slado89gmail-com","4":"has-excerpt","5":"has-more-link","6":"post-5429","8":"format-standard","9":"has-post-thumbnail","10":"category-oznamy"},"_links":{"self":[{"href":"https:\/\/www.farakostolna.sk\/index.php?rest_route=\/wp\/v2\/posts\/5429","targetHints":{"allow":["GET"]}}],"collection":[{"href":"https:\/\/www.farakostolna.sk\/index.php?rest_route=\/wp\/v2\/posts"}],"about":[{"href":"https:\/\/www.farakostolna.sk\/index.php?rest_route=\/wp\/v2\/types\/post"}],"author":[{"embeddable":true,"href":"https:\/\/www.farakostolna.sk\/index.php?rest_route=\/wp\/v2\/users\/7"}],"replies":[{"embeddable":true,"href":"https:\/\/www.farakostolna.sk\/index.php?rest_route=%2Fwp%2Fv2%2Fcomments&post=5429"}],"version-history":[{"count":0,"href":"https:\/\/www.farakostolna.sk\/index.php?rest_route=\/wp\/v2\/posts\/5429\/revisions"}],"wp:featuredmedia":[{"embeddable":true,"href":"https:\/\/www.farakostolna.sk\/index.php?rest_route=\/"}],"wp:attachment":[{"href":"https:\/\/www.farakostolna.sk\/index.php?rest_route=%2Fwp%2Fv2%2Fmedia&parent=5429"}],"wp:term":[{"taxonomy":"category","embeddable":true,"href":"https:\/\/www.farakostolna.sk\/index.php?rest_route=%2Fwp%2Fv2%2Fcategories&post=5429"},{"taxonomy":"post_tag","embeddable":true,"href":"https:\/\/www.farakostolna.sk\/index.php?rest_route=%2Fwp%2Fv2%2Ftags&post=5429"}],"curies":[{"name":"wp","href":"https:\/\/api.w.org\/{rel}","templated":true}]}}