{"id":5418,"date":"2021-04-04T09:09:48","date_gmt":"2021-04-04T09:09:48","guid":{"rendered":"http:\/\/kostolna.fara.sk\/?p=5418"},"modified":"2021-04-04T09:09:48","modified_gmt":"2021-04-04T09:09:48","slug":"__trashed","status":"publish","type":"post","link":"https:\/\/www.farakostolna.sk\/?p=5418","title":{"rendered":"Ve\u013ekono\u010dn\u00e1 nede\u013ea &#8211; sv. om\u0161a z Kostolnej pri Dunaji (04.04.2021)"},"content":{"rendered":"\n\t\t\t\t\n\t\t\t\t\n<div class=\"wp-block-image\"><figure class=\"alignleft\"><img decoding=\"async\" src=\"http:\/\/kostolna.fara.sk\/wp-content\/uploads\/2021\/04\/gettyimages-1149399731-676x474.jpg\" alt=\"\" class=\"wp-image-5422\"\/><\/figure><\/div>\n\n\n\n<p>Prin\u00e1\u0161ame V\u00e1m obrazov\u00fd z\u00e1znam sv. om\u0161\u00ed, ktor\u00e9 boli sl\u00e1ven\u00e9 04.04.2021 v na\u0161om farskom kostole v Kostolnej pri Dunaji:<\/p>\n\n\n\n<p>\u2013 o 9:30 v ma\u010farskom jazyku &#8211; <a href=\"https:\/\/www.facebook.com\/fara.kostolna\/videos\/912786616147771\/\">1.\u010das\u0165,<\/a> <a href=\"https:\/\/www.facebook.com\/fara.kostolna\/videos\/912807222812377\">2.\u010das\u0165<\/a><br><a href=\"https:\/\/www.facebook.com\/fara.kostolna\/videos\/912841832808916\">\u2013 o 11:00 v slovenskom jazyku<\/a><\/p>\n\t\t\t\t","protected":false},"excerpt":{"rendered":"<p>Prin\u00e1\u0161ame V\u00e1m obrazov\u00fd z\u00e1znam sv. om\u0161\u00ed, ktor\u00e9 boli sl\u00e1ven\u00e9 04.04.2021 v na\u0161om farskom kostole v Kostolnej pri Dunaji: \u2013 o 9:30 v ma\u010farskom jazyku &#8211; 1.\u010das\u0165, 2.\u010das\u0165\u2013 o 11:00 v slovenskom jazyku<\/p>\n","protected":false},"author":7,"featured_media":5422,"comment_status":"closed","ping_status":"closed","sticky":false,"template":"","format":"standard","meta":{"footnotes":""},"categories":[17],"tags":[],"class_list":{"0":"entry","1":"post","2":"publish","3":"author-slado89gmail-com","4":"has-excerpt","5":"post-5418","7":"format-standard","8":"has-post-thumbnail","9":"category-sv-omsa"},"_links":{"self":[{"href":"https:\/\/www.farakostolna.sk\/index.php?rest_route=\/wp\/v2\/posts\/5418","targetHints":{"allow":["GET"]}}],"collection":[{"href":"https:\/\/www.farakostolna.sk\/index.php?rest_route=\/wp\/v2\/posts"}],"about":[{"href":"https:\/\/www.farakostolna.sk\/index.php?rest_route=\/wp\/v2\/types\/post"}],"author":[{"embeddable":true,"href":"https:\/\/www.farakostolna.sk\/index.php?rest_route=\/wp\/v2\/users\/7"}],"replies":[{"embeddable":true,"href":"https:\/\/www.farakostolna.sk\/index.php?rest_route=%2Fwp%2Fv2%2Fcomments&post=5418"}],"version-history":[{"count":0,"href":"https:\/\/www.farakostolna.sk\/index.php?rest_route=\/wp\/v2\/posts\/5418\/revisions"}],"wp:featuredmedia":[{"embeddable":true,"href":"https:\/\/www.farakostolna.sk\/index.php?rest_route=\/"}],"wp:attachment":[{"href":"https:\/\/www.farakostolna.sk\/index.php?rest_route=%2Fwp%2Fv2%2Fmedia&parent=5418"}],"wp:term":[{"taxonomy":"category","embeddable":true,"href":"https:\/\/www.farakostolna.sk\/index.php?rest_route=%2Fwp%2Fv2%2Fcategories&post=5418"},{"taxonomy":"post_tag","embeddable":true,"href":"https:\/\/www.farakostolna.sk\/index.php?rest_route=%2Fwp%2Fv2%2Ftags&post=5418"}],"curies":[{"name":"wp","href":"https:\/\/api.w.org\/{rel}","templated":true}]}}