{"id":5404,"date":"2021-04-02T20:22:23","date_gmt":"2021-04-02T20:22:23","guid":{"rendered":"http:\/\/kostolna.fara.sk\/?p=5404"},"modified":"2021-04-02T20:22:23","modified_gmt":"2021-04-02T20:22:23","slug":"farske-oznamy-a-zamyslenie-04-04-2021","status":"publish","type":"post","link":"https:\/\/www.farakostolna.sk\/?p=5404","title":{"rendered":"Farsk\u00e9 oznamy a zamyslenie (04.04.2021)"},"content":{"rendered":"\n\t\t\t\t\n\t\t\t\t\n<div class=\"wp-block-image\"><figure class=\"alignleft is-resized\"><img loading=\"lazy\" decoding=\"async\" src=\"http:\/\/kostolna.fara.sk\/wp-content\/uploads\/2021\/04\/WhatsApp-Image-2021-04-02-at-21.50.12.jpeg\" alt=\"\" class=\"wp-image-5405\" width=\"483\" height=\"321\"\/><\/figure><\/div>\n\n\n\n<p>Ak by sme mali vystihn\u00fa\u0165 Boha, povedali by sme, \u017ee je Bohom paradoxov. Cez pon\u00ed\u017eenos\u0165 a slu\u017ebu z\u00edskava re\u0161pekt, cez obetu a kr\u00ed\u017e d\u00e1va vyk\u00fapenie. Cez svedectvo \u017eien ohlasuje zm\u0155tvychvstanie. A cez n\u00e1s veriacich m\u00f4\u017ee zmeni\u0165 svet k lep\u0161iemu. <\/p>\n\n\n<p><!--more--><\/p>\n\n\n<p>Pokia\u013e sa nem\u00f4\u017eu&nbsp;sl\u00e1vi\u0165 sv. om\u0161e verejn\u00fdm sp\u00f4sobom, niektor\u00e9 vysielame z Kostolnej pri Dunaji pod\u013ea rozpisu cez internet Facebook Fara Kostoln\u00e1. Teraz <strong>v nede\u013eu o 9:30 v ma\u010farskom a o 11:00 v slovenskom jazyku.<\/strong> Na ve\u013ekono\u010dn\u00fd <strong>pondelok<\/strong> bude sv\u00e4t\u00e1 om\u0161a len jedna &#8211; <strong>dvojjazy\u010dne &#8211; o 9:30.<\/strong> <\/p>\n\n\n\n<span style=\"color:red\"><p><strong>Sv\u00e4t\u00e9 prij\u00edmanie na Ve\u013ekono\u010dn\u00fa nede\u013eu &#8211; 4. apr\u00edla 2021:<\/strong><\/p><\/span>\n\n\n\n<span style=\"color:red\"><table style=\"width: 592px; height: 162px;\">\n<tbody>\n<tr style=\"height: 23px;\">\n<td style=\"height: 23px; width: 100px;\"><strong>Hrub\u00fd \u0160\u00far<\/strong><\/td>\n<td style=\"height: 23px; width: 100px;\"><strong>13:30 \u2013 14:30<\/strong><\/td>\n<td style=\"height: 23px; width: 289px;\"><strong>pred kaplnkou<\/strong><\/td>\n<\/tr>\n<tr style=\"height: 23.5px;\">\n<td style=\"height: 23.5px; width: 100px;\"><strong>Kostoln\u00e1&nbsp;<\/strong><\/td>\n<td style=\"height: 23.5px; width: 100px;\"><strong>15:00 \u2013 17:00<\/strong><\/td>\n<td style=\"height: 23.5px; width: 289px;\"><strong>na farskom dvore vonku pod pr\u00edstre\u0161kom<\/strong><\/td>\n<\/tr>\n<tr style=\"height: 23px;\">\n<td style=\"height: 23px; width: 100px;\"><strong>Hrub\u00e1 Bor\u0161a<\/strong><\/td>\n<td style=\"height: 23px; width: 100px;\"><strong>17:30 \u2013 18:00<\/strong><\/td>\n<td style=\"height: 23px; width: 289px;\"><strong>pred kaplnkou<\/strong><\/td>\n<\/tr>\n<\/tbody>\n<\/table>\n<\/span>\n\n\n\n<p>Na ve\u013ekono\u010dn\u00fa nede\u013eu v\u0161etky deti odo m\u0148a dostan\u00fa mil\u00fd ve\u013ekono\u010dn\u00fd dar\u010dek!<br> &nbsp;<br>Na <strong>ve\u013ekono\u010dn\u00fd pondelok<\/strong> budem rozd\u00e1va\u0165 <strong>sv\u00e4t\u00e9 prij\u00edmanie<\/strong> iba v Kostolnej na farskom dvore pod pr\u00edstre\u0161kom doobeda<strong> od 10:30 do 12:00<\/strong>. <\/p>\n\n\n\n<p>V&nbsp;ostatn\u00e9 dni (po\u010dn\u00fac ve\u013ekono\u010dn\u00fdm utorkom do ve\u013ekono\u010dnej soboty) pon\u00fakam mo\u017enos\u0165 prist\u00fapi\u0165 k&nbsp;sv\u00e4t\u00e9mu prij\u00edmaniu, pr\u00edpadne k sv\u00e4tej spovedi, v&nbsp;Kostolnej pri Dunaji vonku na farskom dvore pod pr\u00edstre\u0161kom ka\u017ed\u00fd de\u0148 od 16:00 do 18:00.<\/p>\n\n\n\n<p>Hne\u010f, ako to len bude mo\u017en\u00e9, za\u010dneme sv\u00e4t\u00e9 om\u0161e sl\u00fa\u017ei\u0165 vonku na farskom dvore pod pr\u00edstre\u0161kom. Sledujte preto pros\u00edm priebe\u017ene na\u0161e farsk\u00e9 oznamy.<\/p>\n\n\n\n<p>V&nbsp;stredu 7. apr\u00edla o&nbsp;10:00 sa v&nbsp;Kostolnej s&nbsp;kres\u0165ansk\u00fdm pohrebom rozl\u00fa\u010dime s&nbsp;p. Karolom T\u00f3thom vo veku 57 rokov. <\/p>\n\n\n\n<p>Chor\u00fdm, ktor\u00ed s\u00fa doma, a&nbsp;nevedia pr\u00eds\u0165 na sv\u00e4t\u00e9 prij\u00edmanie, prinesiem P\u00e1na Je\u017ei\u0161a v&nbsp;Eucharistii vo \u0161tvrtok medzi 15:00 -16:00.<\/p>\n\n\n\n<p>Aj tento rok je mo\u017en\u00e9 darova\u0165 2 % z dan\u00ed na \u201eZdru\u017eenie Senec a okolie\u201c, z ktor\u00e9ho potom vieme \u010derpa\u0165 prostriedky na opravu farsk\u00e9ho kostola. Tla\u010div\u00e1 s\u00fa k dispoz\u00edcii <a href=\"http:\/\/kostolna.fara.sk\/postup-krokov-na-poukazanie-2\/\">na farskej str\u00e1nke na stiahnutie<\/a>. Pros\u00edm, aby ste po odoslan\u00ed dokladu na da\u0148ov\u00fd \u00farad, mi priniesli fotok\u00f3piu do po\u0161tovej schr\u00e1nky, aby sme si tieto prostriedky vedeli zo zdru\u017eenia n\u00e1rokova\u0165. Vopred \u010fakujem.<\/p>\n\n\n\n<p>V pr\u00edpade potreby ma nev\u00e1hajte kontaktova\u0165 aj telefonicky: \u202a0902 359 859\u202c.\u202c<\/p>\n\n\n\n<p>Som tu pre V\u00c1S!                     <br><br>S \u00factou, <br>Pavol Gajdo\u0161, v\u00e1\u0161 far\u00e1r <\/p>\n\t\t\t\t","protected":false},"excerpt":{"rendered":"<p>Ak by sme mali vystihn\u00fa\u0165 Boha, povedali by sme, \u017ee je Bohom paradoxov. Cez pon\u00ed\u017eenos\u0165 a slu\u017ebu z\u00edskava re\u0161pekt, cez obetu a kr\u00ed\u017e d\u00e1va vyk\u00fapenie. Cez svedectvo \u017eien ohlasuje zm\u0155tvychvstanie. A cez n\u00e1s veriacich m\u00f4\u017ee zmeni\u0165 svet k lep\u0161iemu.<\/p>\n","protected":false},"author":7,"featured_media":5405,"comment_status":"closed","ping_status":"closed","sticky":false,"template":"","format":"standard","meta":{"footnotes":""},"categories":[13],"tags":[],"class_list":{"0":"entry","1":"post","2":"publish","3":"author-slado89gmail-com","4":"has-excerpt","5":"has-more-link","6":"post-5404","8":"format-standard","9":"has-post-thumbnail","10":"category-oznamy"},"_links":{"self":[{"href":"https:\/\/www.farakostolna.sk\/index.php?rest_route=\/wp\/v2\/posts\/5404","targetHints":{"allow":["GET"]}}],"collection":[{"href":"https:\/\/www.farakostolna.sk\/index.php?rest_route=\/wp\/v2\/posts"}],"about":[{"href":"https:\/\/www.farakostolna.sk\/index.php?rest_route=\/wp\/v2\/types\/post"}],"author":[{"embeddable":true,"href":"https:\/\/www.farakostolna.sk\/index.php?rest_route=\/wp\/v2\/users\/7"}],"replies":[{"embeddable":true,"href":"https:\/\/www.farakostolna.sk\/index.php?rest_route=%2Fwp%2Fv2%2Fcomments&post=5404"}],"version-history":[{"count":0,"href":"https:\/\/www.farakostolna.sk\/index.php?rest_route=\/wp\/v2\/posts\/5404\/revisions"}],"wp:featuredmedia":[{"embeddable":true,"href":"https:\/\/www.farakostolna.sk\/index.php?rest_route=\/"}],"wp:attachment":[{"href":"https:\/\/www.farakostolna.sk\/index.php?rest_route=%2Fwp%2Fv2%2Fmedia&parent=5404"}],"wp:term":[{"taxonomy":"category","embeddable":true,"href":"https:\/\/www.farakostolna.sk\/index.php?rest_route=%2Fwp%2Fv2%2Fcategories&post=5404"},{"taxonomy":"post_tag","embeddable":true,"href":"https:\/\/www.farakostolna.sk\/index.php?rest_route=%2Fwp%2Fv2%2Ftags&post=5404"}],"curies":[{"name":"wp","href":"https:\/\/api.w.org\/{rel}","templated":true}]}}