{"id":5385,"date":"2021-04-01T15:36:49","date_gmt":"2021-04-01T15:36:49","guid":{"rendered":"http:\/\/kostolna.fara.sk\/?p=5385"},"modified":"2021-04-01T15:36:49","modified_gmt":"2021-04-01T15:36:49","slug":"velkonocne-trojdnie-sv-omse","status":"publish","type":"post","link":"https:\/\/www.farakostolna.sk\/?p=5385","title":{"rendered":"Ve\u013ekono\u010dn\u00e9 trojdnie &#8211; sv. om\u0161e"},"content":{"rendered":"\n\t\t\t\t\n\t\t\t\t\n<div class=\"wp-block-image\"><figure class=\"alignleft\"><img decoding=\"async\" src=\"http:\/\/kostolna.fara.sk\/wp-content\/uploads\/2021\/04\/16206A71-6080-453F-A34E-73330381FD3C.jpeg\" alt=\"\" class=\"wp-image-5397\"\/><\/figure><\/div>\n\n\n\n<p>Prin\u00e1\u0161ame V\u00e1m obrazov\u00fd z\u00e1znam sv. om\u0161\u00ed, obradov a kr\u00ed\u017eovej cesty, ktor\u00e9 boli sl\u00e1ven\u00e9 po\u010das  <br>oslavy najv\u00e4\u010d\u0161\u00edch kres\u0165ansk\u00fdch sviatkov v na\u0161om farskom kostole v Kostolnej pri Dunaji.<\/p>\n\n\n<p><!--more--><\/p>\n\n\n<p><a href=\"https:\/\/www.facebook.com\/fara.kostolna\/videos\/911122209647545\/\">\u2013 Zelen\u00fd \u0161tvrtok \u2013 sl\u00e1vnos\u0165 P\u00e1novej ve\u010dere o 18:00 (online \u2013 slov. \/ ma\u010f.) <\/a><br><a href=\"https:\/\/www.facebook.com\/fara.kostolna\/videos\/911631222929977\">\u2013 Ve\u013ek\u00fd piatok \u2013 pobo\u017enos\u0165 kr\u00ed\u017eovej cesty o 14:00 (online \u2013 slov. \/ ma\u010f. )<\/a><br><a href=\"https:\/\/www.facebook.com\/fara.kostolna\/videos\/911670202926079\/\">\u2013 Ve\u013ek\u00fd piatok \u2013 obrady ve\u013ek\u00e9ho piatku o 15:00 (online \u2013 slov. \/ ma\u010f. )<\/a><br><a href=\"https:\/\/www.facebook.com\/fara.kostolna\/videos\/912420316184401\">\u2013 Biela sobota \u2013 vig\u00edlia vzkriesenia P\u00e1na o 19:00 (online \u2013 slov. \/ ma\u010f. \/ lat.)<\/a><\/p>\n\t\t\t\t","protected":false},"excerpt":{"rendered":"<p>Prin\u00e1\u0161ame V\u00e1m obrazov\u00fd z\u00e1znam sv. om\u0161\u00ed, obradov a kr\u00ed\u017eovej cesty, ktor\u00e9 boli sl\u00e1ven\u00e9 po\u010das oslavy najv\u00e4\u010d\u0161\u00edch kres\u0165ansk\u00fdch sviatkov v na\u0161om farskom kostole v Kostolnej pri Dunaji.<\/p>\n","protected":false},"author":7,"featured_media":5397,"comment_status":"closed","ping_status":"closed","sticky":false,"template":"","format":"standard","meta":{"footnotes":""},"categories":[17],"tags":[],"class_list":{"0":"entry","1":"post","2":"publish","3":"author-slado89gmail-com","4":"has-excerpt","5":"has-more-link","6":"post-5385","8":"format-standard","9":"has-post-thumbnail","10":"category-sv-omsa"},"_links":{"self":[{"href":"https:\/\/www.farakostolna.sk\/index.php?rest_route=\/wp\/v2\/posts\/5385","targetHints":{"allow":["GET"]}}],"collection":[{"href":"https:\/\/www.farakostolna.sk\/index.php?rest_route=\/wp\/v2\/posts"}],"about":[{"href":"https:\/\/www.farakostolna.sk\/index.php?rest_route=\/wp\/v2\/types\/post"}],"author":[{"embeddable":true,"href":"https:\/\/www.farakostolna.sk\/index.php?rest_route=\/wp\/v2\/users\/7"}],"replies":[{"embeddable":true,"href":"https:\/\/www.farakostolna.sk\/index.php?rest_route=%2Fwp%2Fv2%2Fcomments&post=5385"}],"version-history":[{"count":0,"href":"https:\/\/www.farakostolna.sk\/index.php?rest_route=\/wp\/v2\/posts\/5385\/revisions"}],"wp:featuredmedia":[{"embeddable":true,"href":"https:\/\/www.farakostolna.sk\/index.php?rest_route=\/"}],"wp:attachment":[{"href":"https:\/\/www.farakostolna.sk\/index.php?rest_route=%2Fwp%2Fv2%2Fmedia&parent=5385"}],"wp:term":[{"taxonomy":"category","embeddable":true,"href":"https:\/\/www.farakostolna.sk\/index.php?rest_route=%2Fwp%2Fv2%2Fcategories&post=5385"},{"taxonomy":"post_tag","embeddable":true,"href":"https:\/\/www.farakostolna.sk\/index.php?rest_route=%2Fwp%2Fv2%2Ftags&post=5385"}],"curies":[{"name":"wp","href":"https:\/\/api.w.org\/{rel}","templated":true}]}}