{"id":5382,"date":"2021-03-31T17:51:36","date_gmt":"2021-03-31T17:51:36","guid":{"rendered":"http:\/\/kostolna.fara.sk\/?p=5382"},"modified":"2021-03-31T17:51:36","modified_gmt":"2021-03-31T17:51:36","slug":"velkonocne-trojdnie-v-kostolnej","status":"publish","type":"post","link":"https:\/\/www.farakostolna.sk\/?p=5382","title":{"rendered":"Ve\u013ekono\u010dn\u00e9 trojdnie v Kostolnej"},"content":{"rendered":"\n\t\t\t\t\n\t\t\t\t\n<div class=\"wp-block-image\"><figure class=\"alignleft is-resized\"><img loading=\"lazy\" decoding=\"async\" src=\"http:\/\/kostolna.fara.sk\/wp-content\/uploads\/2021\/03\/WhatsApp-Image-2021-03-31-at-19.46.59.jpeg\" alt=\"\" class=\"wp-image-5383\" width=\"445\" height=\"277\"\/><\/figure><\/div>\n\n\n\n<p>Mil\u00ed priatelia, poz\u00fdvam V\u00e1s na oslavu najv\u00e4\u010d\u0161\u00edch kres\u0165ansk\u00fdch sviatkov v na\u0161ej farnosti. Denne bude pre V\u00e1s otvoren\u00fd farsk\u00fd kostol pre individu\u00e1lnu, tich\u00fa modlitbu. Na farskom dvore V\u00e1m budem rozd\u00e1va\u0165 sv\u00e4t\u00e9 prij\u00edmanie pod\u013ea rozpisu, prenosy bud\u00fa denne online cez Facebook Fara Kostolna.<\/p>\n\n\n<p><!--more--><\/p>\n\n\n<p><strong>Zelen\u00fd \u0161tvrtok<\/strong><br> 13:00 &#8211; 14:00 &#8211; sv. spove\u010f pre oneskoren\u00fdch<br> 15:00 &#8211; 17:00 &#8211; sv\u00e4t\u00e9 prij\u00edmanie <br> 18:00 &#8211; sl\u00e1vnos\u0165 P\u00e1novej ve\u010dere (online &#8211; slov. \/ ma\u010f.)<\/p>\n\n\n\n<p><strong>Ve\u013ek\u00fd piatok<\/strong><br> 11:00 &#8211; 13:00 &#8211; sv\u00e4t\u00e9 prij\u00edmanie<br> 14:00 &#8211; pobo\u017enos\u0165 kr\u00ed\u017eovej cesty (online &#8211; slov. \/ ma\u010f. )<br> 15:00 &#8211; obrady ve\u013ek\u00e9ho piatku (online &#8211; slov. \/ ma\u010f.) <br> <strong>Nezabudnime dodr\u017ea\u0165 pr\u00edsny p\u00f4st, teda zdr\u017ea\u0165 sa m\u00e4sit\u00e9ho pokrmu. <\/strong><\/p>\n\n\n\n<p><strong>Biela sobota <\/strong><br> 9:00 &#8211; 18:00 &#8211; celodenn\u00e1 tich\u00e1 ador\u00e1cia v kostole<br> 19:00 &#8211; vig\u00edlia vzkriesenia P\u00e1na (online &#8211; slov. \/ ma\u010f. \/ lat.) <br> <br><strong>V sobotu sa sv\u00e4t\u00e9 prij\u00edmanie nerozd\u00e1va<\/strong>. Ve\u013ekono\u010dn\u00fd pokrm budem z\u00e1ujemcom po\u017eehn\u00e1va\u0165 pod pr\u00edstre\u0161kom po\u010das cel\u00e9ho d\u0148a v\u017edy v cel\u00fa hodinu (9:00, 10:00\u2026 a\u017e do 18:00). <\/p>\n\n\n\n<p>V sobotu zverejn\u00edm nov\u00e9 oznamy oh\u013eadom ve\u013ekono\u010dnej nedele. Av\u0161ak, u\u017e dnes prezrad\u00edm, \u017ee v\u0161etky deti odo m\u0148a dostan\u00fa mil\u00fd ve\u013ekono\u010dn\u00fd dar\u010dek. <br><br>Sledujte pros\u00edm pozorne oznamy, ke\u010f\u017ee sa mo\u017eno \u010doskoro bud\u00fa da\u0165 sl\u00e1vi\u0165 bohoslu\u017eby v exteri\u00e9ri. <\/p>\n\n\n\n<p>S \u00factou, <br>Pavol Gajdo\u0161, V\u00e1\u0161 far\u00e1r.<\/p>\n\t\t\t\t","protected":false},"excerpt":{"rendered":"<p>Mil\u00ed priatelia, poz\u00fdvam V\u00e1s na oslavu najv\u00e4\u010d\u0161\u00edch kres\u0165ansk\u00fdch sviatkov v na\u0161ej farnosti. Denne bude pre V\u00e1s otvoren\u00fd farsk\u00fd kostol pre individu\u00e1lnu, tich\u00fa modlitbu. Na farskom dvore V\u00e1m budem rozd\u00e1va\u0165 sv\u00e4t\u00e9 prij\u00edmanie pod\u013ea rozpisu, prenosy bud\u00fa denne online cez Facebook Fara Kostolna.<\/p>\n","protected":false},"author":7,"featured_media":5383,"comment_status":"closed","ping_status":"closed","sticky":false,"template":"","format":"standard","meta":{"footnotes":""},"categories":[13],"tags":[],"class_list":{"0":"entry","1":"post","2":"publish","3":"author-slado89gmail-com","4":"has-excerpt","5":"has-more-link","6":"post-5382","8":"format-standard","9":"has-post-thumbnail","10":"category-oznamy"},"_links":{"self":[{"href":"https:\/\/www.farakostolna.sk\/index.php?rest_route=\/wp\/v2\/posts\/5382","targetHints":{"allow":["GET"]}}],"collection":[{"href":"https:\/\/www.farakostolna.sk\/index.php?rest_route=\/wp\/v2\/posts"}],"about":[{"href":"https:\/\/www.farakostolna.sk\/index.php?rest_route=\/wp\/v2\/types\/post"}],"author":[{"embeddable":true,"href":"https:\/\/www.farakostolna.sk\/index.php?rest_route=\/wp\/v2\/users\/7"}],"replies":[{"embeddable":true,"href":"https:\/\/www.farakostolna.sk\/index.php?rest_route=%2Fwp%2Fv2%2Fcomments&post=5382"}],"version-history":[{"count":0,"href":"https:\/\/www.farakostolna.sk\/index.php?rest_route=\/wp\/v2\/posts\/5382\/revisions"}],"wp:featuredmedia":[{"embeddable":true,"href":"https:\/\/www.farakostolna.sk\/index.php?rest_route=\/"}],"wp:attachment":[{"href":"https:\/\/www.farakostolna.sk\/index.php?rest_route=%2Fwp%2Fv2%2Fmedia&parent=5382"}],"wp:term":[{"taxonomy":"category","embeddable":true,"href":"https:\/\/www.farakostolna.sk\/index.php?rest_route=%2Fwp%2Fv2%2Fcategories&post=5382"},{"taxonomy":"post_tag","embeddable":true,"href":"https:\/\/www.farakostolna.sk\/index.php?rest_route=%2Fwp%2Fv2%2Ftags&post=5382"}],"curies":[{"name":"wp","href":"https:\/\/api.w.org\/{rel}","templated":true}]}}