{"id":5369,"date":"2021-03-26T20:11:07","date_gmt":"2021-03-26T20:11:07","guid":{"rendered":"http:\/\/kostolna.fara.sk\/?p=5369"},"modified":"2021-03-26T20:11:07","modified_gmt":"2021-03-26T20:11:07","slug":"farske-oznamy-a-zamyslenie-28-03-2021","status":"publish","type":"post","link":"https:\/\/www.farakostolna.sk\/?p=5369","title":{"rendered":"Farsk\u00e9 oznamy a zamyslenie (28.03.2021)"},"content":{"rendered":"\n\t\t\t\t\n\t\t\t\t\n<div class=\"wp-block-image\"><figure class=\"alignleft is-resized\"><img loading=\"lazy\" decoding=\"async\" src=\"http:\/\/kostolna.fara.sk\/wp-content\/uploads\/2021\/03\/WhatsApp-Image-2021-03-26-at-18.39.02.jpeg\" alt=\"\" class=\"wp-image-5370\" width=\"468\" height=\"234\"\/><\/figure><\/div>\n\n\n\n<p>Kvetn\u00e1 nede\u013ea &#8211; oslava Je\u017ei\u0161ovho pr\u00edchodu &#8211; tu sa \u013eahko prid\u00e1me k jasaj\u00facemu davu. M\u00e1me v\u0161ak v sebe vytrvalos\u0165 a odhodlanie neutiec\u0165 od Neho, ke\u010f bude potupovan\u00fd, bit\u00fd a ukri\u017eovan\u00fd? Nezaprieme ho? Nezapierame ho u\u017e teraz?<\/p>\n\n\n<p><!--more--><\/p>\n\n\n<p>Sv\u00e4t\u00e9\nom\u0161e a&nbsp;obrady ve\u013ek\u00e9ho t\u00fd\u017ed\u0148a vysielame z Kostolnej pri Dunaji pod\u013ea\nrozpisu cez internet Facebook Fara Kostoln\u00e1.<\/p>\n\n\n\n<p><strong><span style=\"color:red\">Sv\u00e4t\u00e1\nspove\u010f a&nbsp;sv\u00e4t\u00e9 prij\u00edmanie<\/span><\/strong><strong>&nbsp;<\/strong><strong><\/strong><\/p>\n\n\n\n<p>Ke\u010f\u017ee sa bl\u00ed\u017eia ve\u013ekono\u010dn\u00e9 sviatky, pon\u00fakam v\u00e1m tento t\u00fd\u017ede\u0148 mo\u017enos\u0165\nprist\u00fapi\u0165 k&nbsp;sv\u00e4tej spovedi v&nbsp;Kostolnej pri Dunaji vonku na farskom dvore\npod pr\u00edstre\u0161kom individu\u00e1lnym sp\u00f4sobom nasledovne:<\/p>\n\n\n\n<table class=\"wp-block-table\"><tbody><tr><td>\n  <strong>Sobota\n  <\/strong>\n  <\/td><td>\n  <strong>27.\n  marca<\/strong>\n  <\/td><td>\n  <strong>15:00\n  \u2013 18:00<\/strong>\n  <\/td><\/tr><tr><td>\n  <strong>Nede\u013ea\n  <\/strong>\n  <\/td><td>\n  <strong>28.\n  marca<\/strong>\n  <\/td><td>\n  <strong>14:00\n  \u2013 19:00<\/strong>\n  <\/td><\/tr><tr><td>\n  <strong>Pondelok\n  <\/strong>\n  <\/td><td>\n  <strong>29.\n  marca<\/strong>\n  <\/td><td>\n  <strong>oddychujem<\/strong>\n  <\/td><\/tr><tr><td>\n  <strong>Utorok\n  <\/strong>\n  <\/td><td>\n  <strong>30.\n  marca<\/strong>\n  <\/td><td>\n  <strong>14:00\n  \u2013 19:00<\/strong>\n  <\/td><\/tr><tr><td>\n  <strong>Streda\n  <\/strong>\n  <\/td><td>\n  <strong>31.\n  marca<\/strong>\n  <\/td><td>\n  <strong>14:00\n  \u2013 19:00<\/strong>\n  <\/td><\/tr><\/tbody><\/table>\n\n\n\n<p><strong>Pros\u00edm, neodkladajte si sv\u00e4t\u00fa spove\u010f\nna Ve\u013ekono\u010dn\u00e9 Trojdnie a&nbsp;Ve\u013ekono\u010dn\u00fa nede\u013eu, aby ste umo\u017enili ostatn\u00fdm\nplynul\u00e9 a&nbsp;hygienicky bezpe\u010dn\u00e9 pristupovanie k&nbsp;sv\u00e4t\u00e9mu prij\u00edmaniu\npo\u010das sviatkov<\/strong>.<\/p>\n\n\n\n<p><strong><span style=\"color:red\">Sv\u00e4t\u00e9 prij\u00edmanie cez\nVe\u013ekono\u010dn\u00e9 Trojdnie a&nbsp;Ve\u013ekono\u010dn\u00fa nede\u013eu<\/span><\/strong> budem\nvysluhova\u0165 v&nbsp;Kostolnej pri Dunaji vonku na farskom dvore nasledovne:<\/p>\n\n\n\n<table class=\"wp-block-table\"><tbody><tr><td>\n  <strong>\u0160tvrtok\n  <\/strong>\n  <\/td><td>\n  <strong>1.\n  apr\u00edla<\/strong>\n  <\/td><td>\n  <strong>15:00\n  \u2013 17:00<\/strong>\n  <\/td><\/tr><tr><td>\n  <strong>Piatok\n  <\/strong>\n  <\/td><td>\n  <strong>2.\n  apr\u00edla<\/strong>\n  <\/td><td>\n  <strong>11:00\n  \u2013 13:00<\/strong>\n  <\/td><\/tr><tr><td>\n  <strong>Sobota<\/strong>\n  <\/td><td>\n  <strong>3.\n  apr\u00edla<\/strong>\n  <\/td><td>\n  <strong>nerozd\u00e1vame<\/strong>\n  <\/td><\/tr><tr><td>\n  <strong>Nede\u013ea\n  <\/strong>\n  <\/td><td>\n  <strong>4.\n  apr\u00edla<\/strong>\n  <\/td><td>\n  <strong>15:00\n  \u2013 17:00<\/strong>\n  <\/td><\/tr><\/tbody><\/table>\n\n\n\n<p>E\u0161te t\u00fato sobotu (27. marca) som pred kaplnkou na lavi\u010dke aj v Hrubom\n\u0160\u00fare od 9:00 do 11:00 a v Hrubej Bor\u0161i od 13:00 do 14:00 k&nbsp;sv\u00e4tej spovedi\na&nbsp;sv\u00e4t\u00e9mu prij\u00edmaniu.&nbsp;<\/p>\n\n\n\n<p>Na Ve\u013ek\u00fd piatok budeme pren\u00e1\u0161a\u0165 cez online FB Fara Kostolna spievan\u00fa\npobo\u017enos\u0165 kr\u00ed\u017eovej cesty z&nbsp;Kostolnej pri Dunaji o&nbsp;14:00. Kaplnka\nv&nbsp;Hrubej Bor\u0161i bude otvoren\u00e1 od 10:00 do 17:00 a&nbsp;v&nbsp;Hrubom \u0160\u00fare\nod 16:00 do 18:00.<\/p>\n\n\n\n<p>Na Bielu sobotu bude farsk\u00fd kostol v&nbsp;Kostolnej cel\u00fd de\u0148 otvoren\u00fd od 9:00 do 18:00 na tich\u00fa, individu\u00e1lnu modlitbu.\n&nbsp;<\/p>\n\n\n\n<p>Zbierka na pomoc prenasledovan\u00fdm kres\u0165anom a ute\u010dencom na Bl\u00edzkom\nv\u00fdchode v&nbsp;na\u0161ej farnosti vyniesla spolu <strong>415 \u20ac<\/strong>, peniaze som u\u017e preposlal na dan\u00fd \u00fa\u010det. Pokia\u013e chcete e\u0161te\nprispie\u0165 aj vy, m\u00f4\u017eete posla\u0165 na osobitn\u00fd \u00fa\u010det Konferencie biskupov Slovenska\nna tento \u00fa\u010del: <strong>IBAN: SK63 0200 0000 0035\n1220 9151<\/strong>. Viac info na: <a href=\"http:\/\/utecenci.kbs.sk\" target=\"_blank\" rel=\"noreferrer noopener\">utecenci.kbs.sk<\/a>.<\/p>\n\n\n\n<p>Aj tento rok je mo\u017en\u00e9 darova\u0165 <strong>2\n%<\/strong> z dan\u00ed na <strong>\u201eZdru\u017eenie Senec a\nokolie\u201c<\/strong>, z ktor\u00e9ho potom vieme \u010derpa\u0165 prostriedky na opravu farsk\u00e9ho\nkostola. Tla\u010div\u00e1 s\u00fa k dispoz\u00edcii na farskej str\u00e1nke na stiahnutie. Pros\u00edm, aby\nste po odoslan\u00ed dokladu na da\u0148ov\u00fd \u00farad, mi priniesli fotok\u00f3piu do po\u0161tovej\nschr\u00e1nky, aby sme si tieto prostriedky vedeli zo zdru\u017eenia n\u00e1rokova\u0165. Vopred\n\u010fakujem.<\/p>\n\n\n\n<p>V uplynul\u00fdch d\u0148och ste si mohli n\u00e1js\u0165 vo svojich po\u0161tov\u00fdch schr\u00e1nkach\nna\u0161e Farsk\u00e9 noviny &#8211; <em>Mi \u00dajs\u00e1g?<\/em>. T\u00fdmto\n\u00faprimne \u010fakujem v\u0161etk\u00fdm, ktor\u00fd sa na jeho tvorbe podie\u013eali a&nbsp;pomohli\ns&nbsp;jeho roznosen\u00edm. Svoj dobrovo\u013en\u00fd pr\u00edspevok m\u00f4\u017eete kedyko\u013evek vlo\u017ei\u0165 do\npokladni\u010dky na noviny, alebo na \u00fa\u010det farnosti. <\/p>\n\n\n\n<p>V pr\u00edpade potreby ma nev\u00e1hajte kontaktova\u0165 aj telefonicky: \u202a<strong>0902 359 859<\/strong>. Som tu pre V\u00c1S!<br><br>S \u00factou, <br>Pavol Gajdo\u0161, v\u00e1\u0161 far\u00e1r\u00a0 <\/p>\n\t\t\t\t","protected":false},"excerpt":{"rendered":"<p>Kvetn\u00e1 nede\u013ea &#8211; oslava Je\u017ei\u0161ovho pr\u00edchodu &#8211; tu sa \u013eahko prid\u00e1me k jasaj\u00facemu davu. M\u00e1me v\u0161ak v sebe vytrvalos\u0165 a odhodlanie neutiec\u0165 od Neho, ke\u010f bude potupovan\u00fd, bit\u00fd a ukri\u017eovan\u00fd? Nezaprieme ho? Nezapierame ho u\u017e teraz?<\/p>\n","protected":false},"author":7,"featured_media":5370,"comment_status":"closed","ping_status":"closed","sticky":false,"template":"","format":"standard","meta":{"footnotes":""},"categories":[13],"tags":[],"class_list":{"0":"entry","1":"post","2":"publish","3":"author-slado89gmail-com","4":"has-excerpt","5":"has-more-link","6":"post-5369","8":"format-standard","9":"has-post-thumbnail","10":"category-oznamy"},"_links":{"self":[{"href":"https:\/\/www.farakostolna.sk\/index.php?rest_route=\/wp\/v2\/posts\/5369","targetHints":{"allow":["GET"]}}],"collection":[{"href":"https:\/\/www.farakostolna.sk\/index.php?rest_route=\/wp\/v2\/posts"}],"about":[{"href":"https:\/\/www.farakostolna.sk\/index.php?rest_route=\/wp\/v2\/types\/post"}],"author":[{"embeddable":true,"href":"https:\/\/www.farakostolna.sk\/index.php?rest_route=\/wp\/v2\/users\/7"}],"replies":[{"embeddable":true,"href":"https:\/\/www.farakostolna.sk\/index.php?rest_route=%2Fwp%2Fv2%2Fcomments&post=5369"}],"version-history":[{"count":0,"href":"https:\/\/www.farakostolna.sk\/index.php?rest_route=\/wp\/v2\/posts\/5369\/revisions"}],"wp:featuredmedia":[{"embeddable":true,"href":"https:\/\/www.farakostolna.sk\/index.php?rest_route=\/"}],"wp:attachment":[{"href":"https:\/\/www.farakostolna.sk\/index.php?rest_route=%2Fwp%2Fv2%2Fmedia&parent=5369"}],"wp:term":[{"taxonomy":"category","embeddable":true,"href":"https:\/\/www.farakostolna.sk\/index.php?rest_route=%2Fwp%2Fv2%2Fcategories&post=5369"},{"taxonomy":"post_tag","embeddable":true,"href":"https:\/\/www.farakostolna.sk\/index.php?rest_route=%2Fwp%2Fv2%2Ftags&post=5369"}],"curies":[{"name":"wp","href":"https:\/\/api.w.org\/{rel}","templated":true}]}}