{"id":5357,"date":"2021-03-19T20:14:52","date_gmt":"2021-03-19T20:14:52","guid":{"rendered":"http:\/\/kostolna.fara.sk\/?p=5357"},"modified":"2021-03-19T20:14:52","modified_gmt":"2021-03-19T20:14:52","slug":"farske-oznamy-a-zamyslenie-21-03-2021","status":"publish","type":"post","link":"https:\/\/www.farakostolna.sk\/?p=5357","title":{"rendered":"Farsk\u00e9 oznamy a zamyslenie (21.03.2021)"},"content":{"rendered":"\n\t\t\t\t\n\t\t\t\t\n<div class=\"wp-block-image\"><figure class=\"alignleft is-resized\"><img loading=\"lazy\" decoding=\"async\" src=\"http:\/\/kostolna.fara.sk\/wp-content\/uploads\/2021\/03\/WhatsApp-Image-2021-03-19-at-18.21.58-1024x877.jpeg\" alt=\"\" class=\"wp-image-5358\" width=\"416\" height=\"356\"\/><\/figure><\/div>\n\n\n\n<p>Kto strat\u00ed svoj \u017eivot pre m\u0148a, n\u00e1jde ho. Ak zrno neodumrie\u2026 Tak, ako bez odumretia zrna nie je nov\u00e1 \u00faroda alebo bez jeho pomletia nie je chlieb, tak ani bez n\u00e1\u0161ho odumretia pre tento svet nie je pre n\u00e1s ve\u010dn\u00fd \u017eivot. \u010co mus\u00ed v n\u00e1s e\u0161te odumrie\u0165, aby sme sa pribl\u00ed\u017eili k \u013eu\u010fom a k Bohu?<\/p>\n\n\n<p><!--more--><\/p>\n\n\n<p>Sv\u00e4t\u00e9 om\u0161e z Kostolnej pri Dunaji s\u00fa cez FB Fara Kostoln\u00e1 pod\u013ea rozpisu v nedele v ma\u010farskom jazyku v\u017edy o 9:30 a v slovenskom jazyku o 11:00.<\/p>\n\n\n<p><!--more--><\/p>\n\n\n<h4 class=\"wp-block-heading\">E\u0161te o hodinu dlh\u0161ie <\/h4>\n\n\n\n<p>Ke\u010f\u017ee sa bl\u00ed\u017eia ve\u013ekono\u010dn\u00e9 sviatky, pon\u00fakam v\u00e1m <span style=\"color:red\"><strong>ka\u017ed\u00fd de\u0148 (okrem pondelka)<\/strong><\/span> mo\u017enos\u0165 individu\u00e1lneho rozhovoru, modlitby, prijatia sviatosti zmierenia a P\u00e1na Je\u017ei\u0161a v Eucharistii vonku na farskom dvore pod pr\u00edstre\u0161kom <span style=\"color:red\"><strong>v Kostolnej v \u010dase od 15:00 a\u017e do 18:00. V nedele u\u017e od 14:00 do 18:00.<\/strong><\/span><\/p>\n\n\n\n<p>Dve soboty po sebe <span style=\"color:red\"><strong>(20. a 27. marca)<\/strong><\/span> som pred kaplnkou na lavi\u010dke aj <span style=\"color:red\"><strong>v Hrubom \u0160\u00fare od 9:00 do 11:00 a v Hrubej Bor\u0161i od 13:00 do 14:00.<\/strong><\/span><strong> <\/strong><\/p>\n\n\n\n<p>Zbierka na pomoc prenasledovan\u00fdm kres\u0165anom a\u00a0ute\u010dencom na Bl\u00edzkom v\u00fdchode bude v t\u00fato nede\u013eu (zvl\u00e1\u0161\u0165 pokladni\u010dka v kostole) alebo m\u00f4\u017eete posla\u0165 na osobitn\u00fd \u00fa\u010det Konferencie biskupov Slovenska na tento \u00fa\u010del: IBAN SK63 0200 0000 0035 1220 9151. Viac info na: <a href=\"http:\/\/utecenci.kbs.sk\">utecenci.kbs.sk<\/a>.<\/p>\n\n\n\n<p>Aj tento rok je mo\u017en\u00e9 darova\u0165 2 % z dan\u00ed na \u201eZdru\u017eenie Senec a okolie\u201c, z ktor\u00e9ho potom vieme \u010derpa\u0165 prostriedky na opravu farsk\u00e9ho kostola. Tla\u010div\u00e1 s\u00fa k dispoz\u00edcii na farskej str\u00e1nke <a href=\"http:\/\/kostolna.fara.sk\/postup-krokov-na-poukazanie-2\/\">na stiahnutie<\/a>. Vopred \u010fakujem.<\/p>\n\n\n\n<p>V pr\u00edpade potreby ma nev\u00e1hajte kontaktova\u0165 aj telefonicky: \u202a0902 359 859\u202c.<\/p>\n\n\n\n<p>Som tu pre V\u00c1S!<br>S \u00factou, <br>Pavol Gajdo\u0161, v\u00e1\u0161 far\u00e1r <\/p>\n\t\t\t\t","protected":false},"excerpt":{"rendered":"<p>Kto strat\u00ed svoj \u017eivot pre m\u0148a, n\u00e1jde ho. Ak zrno neodumrie\u2026 Tak, ako bez odumretia zrna nie je nov\u00e1 \u00faroda alebo bez jeho pomletia nie je chlieb, tak ani bez n\u00e1\u0161ho odumretia pre tento svet nie je pre n\u00e1s ve\u010dn\u00fd \u017eivot. \u010co mus\u00ed v n\u00e1s e\u0161te odumrie\u0165, aby sme sa pribl\u00ed\u017eili k \u013eu\u010fom a k &#8230; <span class=\"more\"><a class=\"more-link\" href=\"https:\/\/www.farakostolna.sk\/?p=5357\">[\u010c\u00edta\u0165 \u010falej&#8230;]<\/a><\/span><\/p>\n","protected":false},"author":7,"featured_media":5358,"comment_status":"closed","ping_status":"closed","sticky":false,"template":"","format":"standard","meta":{"footnotes":""},"categories":[13],"tags":[],"class_list":{"0":"entry","1":"post","2":"publish","3":"author-slado89gmail-com","4":"has-excerpt","5":"has-more-link","6":"post-5357","8":"format-standard","9":"has-post-thumbnail","10":"category-oznamy"},"_links":{"self":[{"href":"https:\/\/www.farakostolna.sk\/index.php?rest_route=\/wp\/v2\/posts\/5357","targetHints":{"allow":["GET"]}}],"collection":[{"href":"https:\/\/www.farakostolna.sk\/index.php?rest_route=\/wp\/v2\/posts"}],"about":[{"href":"https:\/\/www.farakostolna.sk\/index.php?rest_route=\/wp\/v2\/types\/post"}],"author":[{"embeddable":true,"href":"https:\/\/www.farakostolna.sk\/index.php?rest_route=\/wp\/v2\/users\/7"}],"replies":[{"embeddable":true,"href":"https:\/\/www.farakostolna.sk\/index.php?rest_route=%2Fwp%2Fv2%2Fcomments&post=5357"}],"version-history":[{"count":0,"href":"https:\/\/www.farakostolna.sk\/index.php?rest_route=\/wp\/v2\/posts\/5357\/revisions"}],"wp:featuredmedia":[{"embeddable":true,"href":"https:\/\/www.farakostolna.sk\/index.php?rest_route=\/"}],"wp:attachment":[{"href":"https:\/\/www.farakostolna.sk\/index.php?rest_route=%2Fwp%2Fv2%2Fmedia&parent=5357"}],"wp:term":[{"taxonomy":"category","embeddable":true,"href":"https:\/\/www.farakostolna.sk\/index.php?rest_route=%2Fwp%2Fv2%2Fcategories&post=5357"},{"taxonomy":"post_tag","embeddable":true,"href":"https:\/\/www.farakostolna.sk\/index.php?rest_route=%2Fwp%2Fv2%2Ftags&post=5357"}],"curies":[{"name":"wp","href":"https:\/\/api.w.org\/{rel}","templated":true}]}}