{"id":5343,"date":"2021-03-12T17:17:05","date_gmt":"2021-03-12T17:17:05","guid":{"rendered":"http:\/\/kostolna.fara.sk\/?p=5343"},"modified":"2021-03-12T17:17:05","modified_gmt":"2021-03-12T17:17:05","slug":"farske-oznamy-a-zamyslenie-14-03-2021","status":"publish","type":"post","link":"https:\/\/www.farakostolna.sk\/?p=5343","title":{"rendered":"Farsk\u00e9 oznamy a zamyslenie (14.03.2021)"},"content":{"rendered":"\n\t\t\t\t\n\t\t\t\t\n<div class=\"wp-block-image\"><figure class=\"alignleft is-resized\"><img loading=\"lazy\" decoding=\"async\" src=\"http:\/\/kostolna.fara.sk\/wp-content\/uploads\/2021\/03\/WhatsApp-Image-2021-03-12-at-16.11.29-1024x683.jpeg\" alt=\"\" class=\"wp-image-5344\" width=\"460\" height=\"306\"\/><\/figure><\/div>\n\n\n\n<p>Dne\u0161n\u00e9 Bo\u017eie slovo n\u00e1m d\u00e1va viacer\u00e9 lekcie \u017eivota. Nikod\u00e9m mal strach, no na\u0161iel si sp\u00f4sob ako sa stretn\u00fa\u0165 s Je\u017ei\u0161om &#8211; \u0161iel za n\u00edm v noci, aby sa ho p\u00fdtal. Je\u017ei\u0161 ho neposiela pre\u010d, ale odha\u013euje mu proroctv\u00e1. Vieme by\u0165 takto vynaliezav\u00fd ako Nikod\u00e9m a trpezlivo sl\u00fa\u017ei\u0165 ako Je\u017ei\u0161?<\/p>\n\n\n<p><!--more--><\/p>\n\n\n<p><strong>Sv\u00e4t\u00e9 om\u0161e z Kostolnej pri Dunaji s\u00fa cez FB Fara Kostoln\u00e1 pod\u013ea rozpisu v nedele v ma\u010farskom jazyku v\u017edy o 9:30 a v slovenskom jazyku o 11:00.<\/strong><\/p>\n\n\n\n<p>Ka\u017ed\u00fd de\u0148 (okrem pondelka) pon\u00fakam mo\u017enos\u0165 porozpr\u00e1va\u0165 sa, pomodli\u0165, resp. prija\u0165 sviatos\u0165 zmierenia a P\u00e1na Je\u017ei\u0161a v Eucharistii na farskom dvore individu\u00e1lnym sp\u00f4sobom pod pr\u00edstre\u0161kom v Kostolnej v \u010dase od 15:00 do 17:00. V nedele e\u0161te o hodinu dlh\u0161ie od 14:00 do 17:00.<\/p>\n\n\n\n<p>Dve soboty po sebe (20. a 27. marca) si pr\u00eddem sadn\u00fa\u0165 pred kaplnku na lavi\u010dku aj v Hrubom \u0160\u00fare od 9:00 do 11:00 a v Hrubej Bor\u0161i od 13:00 do 14:00. <\/p>\n\n\n\n<p><strong>Zbierka na pomoc prenasledovan\u00fdm kres\u0165anom a\u00a0ute\u010dencom na Bl\u00edzkom v\u00fdchode<\/strong> bude v\u00a0kostole <strong>bud\u00faci t\u00fd\u017ede\u0148 <\/strong>(zvl\u00e1\u0161\u0165 pokladni\u010dka) alebo m\u00f4\u017eete posla\u0165 na \u00fa\u010det Konferencie biskupov Slovenska u\u017e dnes: IBAN SK63 0200 0000 0035 1220 9151. Viac info na: <a href=\"http:\/\/utecenci.kbs.sk\">utecenci.kbs.sk<\/a>.<\/p>\n\n\n\n<p>Aj tento rok je mo\u017en\u00e9<strong> darova\u0165 2 % z dan\u00ed na \u201eZdru\u017eenie Senec a okolie\u201c<\/strong>, z ktor\u00e9ho potom vieme \u010derpa\u0165 prostriedky <strong>na opravu farsk\u00e9ho kostola<\/strong>. Tla\u010div\u00e1 s\u00fa k dispoz\u00edcii na farskej str\u00e1nke <a href=\"http:\/\/kostolna.fara.sk\/postup-krokov-na-poukazanie-2\/\">na stiahnutie.<\/a> Vopred \u010fakujem.<\/p>\n\n\n\n<p>V pr\u00edpade potreby ma nev\u00e1hajte kontaktova\u0165 aj telefonicky: \u202a0902 359 859\u202c.<\/p>\n\n\n\n<p>Som tu pre V\u00c1S!<br>S \u00factou, <br>Pavol Gajdo\u0161, v\u00e1\u0161 far\u00e1r.<\/p>\n\t\t\t\t","protected":false},"excerpt":{"rendered":"<p>Dne\u0161n\u00e9 Bo\u017eie slovo n\u00e1m d\u00e1va viacer\u00e9 lekcie \u017eivota. Nikod\u00e9m mal strach, no na\u0161iel si sp\u00f4sob ako sa stretn\u00fa\u0165 s Je\u017ei\u0161om &#8211; \u0161iel za n\u00edm v noci, aby sa ho p\u00fdtal. Je\u017ei\u0161 ho neposiela pre\u010d, ale odha\u013euje mu proroctv\u00e1. Vieme by\u0165 takto vynaliezav\u00fd ako Nikod\u00e9m a trpezlivo sl\u00fa\u017ei\u0165 ako Je\u017ei\u0161?<\/p>\n","protected":false},"author":7,"featured_media":5344,"comment_status":"closed","ping_status":"closed","sticky":false,"template":"","format":"standard","meta":{"footnotes":""},"categories":[13],"tags":[],"class_list":{"0":"entry","1":"post","2":"publish","3":"author-slado89gmail-com","4":"has-excerpt","5":"has-more-link","6":"post-5343","8":"format-standard","9":"has-post-thumbnail","10":"category-oznamy"},"_links":{"self":[{"href":"https:\/\/www.farakostolna.sk\/index.php?rest_route=\/wp\/v2\/posts\/5343","targetHints":{"allow":["GET"]}}],"collection":[{"href":"https:\/\/www.farakostolna.sk\/index.php?rest_route=\/wp\/v2\/posts"}],"about":[{"href":"https:\/\/www.farakostolna.sk\/index.php?rest_route=\/wp\/v2\/types\/post"}],"author":[{"embeddable":true,"href":"https:\/\/www.farakostolna.sk\/index.php?rest_route=\/wp\/v2\/users\/7"}],"replies":[{"embeddable":true,"href":"https:\/\/www.farakostolna.sk\/index.php?rest_route=%2Fwp%2Fv2%2Fcomments&post=5343"}],"version-history":[{"count":0,"href":"https:\/\/www.farakostolna.sk\/index.php?rest_route=\/wp\/v2\/posts\/5343\/revisions"}],"wp:featuredmedia":[{"embeddable":true,"href":"https:\/\/www.farakostolna.sk\/index.php?rest_route=\/"}],"wp:attachment":[{"href":"https:\/\/www.farakostolna.sk\/index.php?rest_route=%2Fwp%2Fv2%2Fmedia&parent=5343"}],"wp:term":[{"taxonomy":"category","embeddable":true,"href":"https:\/\/www.farakostolna.sk\/index.php?rest_route=%2Fwp%2Fv2%2Fcategories&post=5343"},{"taxonomy":"post_tag","embeddable":true,"href":"https:\/\/www.farakostolna.sk\/index.php?rest_route=%2Fwp%2Fv2%2Ftags&post=5343"}],"curies":[{"name":"wp","href":"https:\/\/api.w.org\/{rel}","templated":true}]}}