{"id":5329,"date":"2021-03-05T16:04:03","date_gmt":"2021-03-05T16:04:03","guid":{"rendered":"http:\/\/kostolna.fara.sk\/?p=5329"},"modified":"2021-03-05T16:04:03","modified_gmt":"2021-03-05T16:04:03","slug":"farske-oznamy-a-zamyslenie-07-03-2021","status":"publish","type":"post","link":"https:\/\/www.farakostolna.sk\/?p=5329","title":{"rendered":"Farsk\u00e9 oznamy a zamyslenie (07.03.2021)"},"content":{"rendered":"\n\t\t\t\t\n\t\t\t\t\n<div class=\"wp-block-image\"><figure class=\"alignleft is-resized\"><img loading=\"lazy\" decoding=\"async\" src=\"http:\/\/kostolna.fara.sk\/wp-content\/uploads\/2021\/03\/WhatsApp-Image-2021-03-05-at-08.30.12-1024x682.jpeg\" alt=\"\" class=\"wp-image-5330\" width=\"424\" height=\"282\"\/><\/figure><\/div>\n\n\n\n<p>Tento pr\u00edbeh z Je\u017ei\u0161ovho \u017eivota sa n\u00e1s zdanlivo net\u00fdka. Je\u017ei\u0161 o\u010dis\u0165uje chr\u00e1m v Jeruzaleme. My sme ale chr\u00e1mami Ducha Sv\u00e4t\u00e9ho. A tie mo\u017eno treba e\u0161te viac o\u010disti\u0165 &#8211; od n\u00e1nosov hriechu. Dovol\u00edme mu, aby radik\u00e1lne o\u010distil na\u0161e vn\u00fatro?<\/p>\n\n\n<p><!--more--><\/p>\n\n\n<p><strong>V nede\u013eu s\u00fa sv\u00e4t\u00e9 om\u0161e z Kostolnej online cez FB Fara Kostolna o 9:30 v ma\u010farskom a o 11:00 v slovenskom jazyku. <\/strong><\/p>\n\n\n\n<p>Tak ako doposia\u013e, ka\u017ed\u00fd de\u0148 (okrem pondelka) som pre v\u00e1s k dispoz\u00edcii v Kostolnej vonku na farskom dvore pod pr\u00edstre\u0161kom individu\u00e1lnym sp\u00f4sobom vysl\u00fa\u017ei\u0165 sviatosti &#8211; spove\u010f i sv. prij\u00edmanie v \u010dase od 15:00 do 17:00. V nedele e\u0161te o hodinu dlh\u0161ie od 14:00 do 17:00. V pr\u00edpade potreby ma nev\u00e1hajte kontaktova\u0165 aj telefonicky: 0902 359 859. <\/p>\n\n\n\n<p>Tento t\u00fd\u017ede\u0148 bude vysiela\u0165 R\u00e1dio M\u00e1ria sv\u00e4t\u00e9 om\u0161e z na\u0161ej farnosti. V pondelok a\u017e v piatok o 18:00, v sobotu o 8:30 a v nede\u013eu o 11:00. <\/p>\n\n\n\n<p><strong>Aj tento rok budeme v\u010fa\u010dn\u00ed v\u0161etk\u00fdm, ktor\u00ed sa rozhodn\u00fa darova\u0165 2% zo svojich dan\u00ed na &#8220;Zdru\u017eenie Senec a okolie&#8221;, z ktor\u00e9ho potom vieme \u010derpa\u0165 prostriedky na opravu farsk\u00e9ho kostola. <a href=\"http:\/\/kostolna.fara.sk\/postup-krokov-na-poukazanie-2\/\">Tla\u010div\u00e1 s\u00fa k dispoz\u00edcii na farskej str\u00e1nke na stiahnutie<\/a>. Vopred \u010fakujeme. <\/strong><\/p>\n\n\n\n<p>S \u00factou, <br>Pavol Gajdo\u0161, v\u00e1\u0161 far\u00e1r<\/p>\n\t\t\t\t","protected":false},"excerpt":{"rendered":"<p>Tento pr\u00edbeh z Je\u017ei\u0161ovho \u017eivota sa n\u00e1s zdanlivo net\u00fdka. Je\u017ei\u0161 o\u010dis\u0165uje chr\u00e1m v Jeruzaleme. My sme ale chr\u00e1mami Ducha Sv\u00e4t\u00e9ho. A tie mo\u017eno treba e\u0161te viac o\u010disti\u0165 &#8211; od n\u00e1nosov hriechu. Dovol\u00edme mu, aby radik\u00e1lne o\u010distil na\u0161e vn\u00fatro?<\/p>\n","protected":false},"author":7,"featured_media":5330,"comment_status":"closed","ping_status":"closed","sticky":false,"template":"","format":"standard","meta":{"footnotes":""},"categories":[13],"tags":[],"class_list":{"0":"entry","1":"post","2":"publish","3":"author-slado89gmail-com","4":"has-excerpt","5":"has-more-link","6":"post-5329","8":"format-standard","9":"has-post-thumbnail","10":"category-oznamy"},"_links":{"self":[{"href":"https:\/\/www.farakostolna.sk\/index.php?rest_route=\/wp\/v2\/posts\/5329","targetHints":{"allow":["GET"]}}],"collection":[{"href":"https:\/\/www.farakostolna.sk\/index.php?rest_route=\/wp\/v2\/posts"}],"about":[{"href":"https:\/\/www.farakostolna.sk\/index.php?rest_route=\/wp\/v2\/types\/post"}],"author":[{"embeddable":true,"href":"https:\/\/www.farakostolna.sk\/index.php?rest_route=\/wp\/v2\/users\/7"}],"replies":[{"embeddable":true,"href":"https:\/\/www.farakostolna.sk\/index.php?rest_route=%2Fwp%2Fv2%2Fcomments&post=5329"}],"version-history":[{"count":0,"href":"https:\/\/www.farakostolna.sk\/index.php?rest_route=\/wp\/v2\/posts\/5329\/revisions"}],"wp:featuredmedia":[{"embeddable":true,"href":"https:\/\/www.farakostolna.sk\/index.php?rest_route=\/"}],"wp:attachment":[{"href":"https:\/\/www.farakostolna.sk\/index.php?rest_route=%2Fwp%2Fv2%2Fmedia&parent=5329"}],"wp:term":[{"taxonomy":"category","embeddable":true,"href":"https:\/\/www.farakostolna.sk\/index.php?rest_route=%2Fwp%2Fv2%2Fcategories&post=5329"},{"taxonomy":"post_tag","embeddable":true,"href":"https:\/\/www.farakostolna.sk\/index.php?rest_route=%2Fwp%2Fv2%2Ftags&post=5329"}],"curies":[{"name":"wp","href":"https:\/\/api.w.org\/{rel}","templated":true}]}}