{"id":5321,"date":"2021-02-26T21:40:04","date_gmt":"2021-02-26T21:40:04","guid":{"rendered":"http:\/\/kostolna.fara.sk\/?p=5321"},"modified":"2021-02-26T21:40:04","modified_gmt":"2021-02-26T21:40:04","slug":"farske-oznamy-a-zamyslenie-28-02-2021","status":"publish","type":"post","link":"https:\/\/www.farakostolna.sk\/?p=5321","title":{"rendered":"Farsk\u00e9 oznamy a zamyslenie (28.02.2021)"},"content":{"rendered":"\n\t\t\t\t\n\t\t\t\t\n<div class=\"wp-block-image\"><figure class=\"alignleft is-resized\"><img loading=\"lazy\" decoding=\"async\" src=\"http:\/\/kostolna.fara.sk\/wp-content\/uploads\/2021\/02\/WhatsApp-Image-2021-02-26-at-13.45.06.jpeg\" alt=\"\" class=\"wp-image-5323\" width=\"414\" height=\"275\"\/><\/figure><\/div>\n\n\n\n<p>Abrah\u00e1mov pr\u00edbeh na vrchu je sk\u00fa\u0161kou d\u00f4very v Boha, pri\u010dom m\u00e1 priam holywoodsk\u00fd happyend. Boh neust\u00e1le zasahuje v dejin\u00e1ch \u013eudstva a zachra\u0148uje n\u00e1m ko\u017eu &#8211; chce, aby sme mu d\u00f4verovali. Vn\u00edmame to, pam\u00e4t\u00e1me si tieto situ\u00e1cie? Alebo po p\u00e1r rokoch mnoh\u00e9 z\u00e1zraky pova\u017eujeme za n\u00e1hody? D\u00e1vame v\u00f4bec v na\u0161om \u017eivote miesto Bohu, aby konal?<\/p>\n\n\n<p><!--more--><\/p>\n\n\n<p><strong>V nede\u013eu s\u00fa sv\u00e4t\u00e9 om\u0161e z Kostolnej op\u00e4\u0165 len online cez FB Fara Kostolna o 9:30 v ma\u010farskom a o 11:00 v slovenskom jazyku. <\/strong><\/p>\n\n\n\n<p>Ke\u010f u\u017e neviem inak, pon\u00fakam aspo\u0148 pre t\u00fdch, ktor\u00ed to tak c\u00edtia a maj\u00fa potrebu sa porozpr\u00e1va\u0165, pomodli\u0165, resp. prija\u0165 sviatos\u0165 zmierenia a P\u00e1na Je\u017ei\u0161a v Eucharistii, ka\u017ed\u00fd de\u0148 (okrem pondelka) na farskom dvore individu\u00e1lnym sp\u00f4sobom pod pr\u00edstre\u0161kom v Kostolnej v \u010dase od 15:00 do 17:00. V nedele e\u0161te o hodinu dlh\u0161ie od 14:00 do 17:00. V pr\u00edpade potreby ma nev\u00e1hajte kontaktova\u0165 aj telefonicky: 0902 359 859. <br><br>S \u00factou, <br>Pavol Gajdo\u0161, v\u00e1\u0161 far\u00e1r<\/p>\n\t\t\t\t","protected":false},"excerpt":{"rendered":"<p>Abrah\u00e1mov pr\u00edbeh na vrchu je sk\u00fa\u0161kou d\u00f4very v Boha, pri\u010dom m\u00e1 priam holywoodsk\u00fd happyend. Boh neust\u00e1le zasahuje v dejin\u00e1ch \u013eudstva a zachra\u0148uje n\u00e1m ko\u017eu &#8211; chce, aby sme mu d\u00f4verovali. Vn\u00edmame to, pam\u00e4t\u00e1me si tieto situ\u00e1cie? Alebo po p\u00e1r rokoch mnoh\u00e9 z\u00e1zraky pova\u017eujeme za n\u00e1hody? D\u00e1vame v\u00f4bec v na\u0161om \u017eivote miesto Bohu, aby konal?<\/p>\n","protected":false},"author":7,"featured_media":5323,"comment_status":"closed","ping_status":"closed","sticky":false,"template":"","format":"standard","meta":{"footnotes":""},"categories":[13,1],"tags":[],"class_list":{"0":"entry","1":"post","2":"publish","3":"author-slado89gmail-com","4":"has-excerpt","5":"has-more-link","6":"post-5321","8":"format-standard","9":"has-post-thumbnail","10":"category-oznamy","11":"category-uncategorized"},"_links":{"self":[{"href":"https:\/\/www.farakostolna.sk\/index.php?rest_route=\/wp\/v2\/posts\/5321","targetHints":{"allow":["GET"]}}],"collection":[{"href":"https:\/\/www.farakostolna.sk\/index.php?rest_route=\/wp\/v2\/posts"}],"about":[{"href":"https:\/\/www.farakostolna.sk\/index.php?rest_route=\/wp\/v2\/types\/post"}],"author":[{"embeddable":true,"href":"https:\/\/www.farakostolna.sk\/index.php?rest_route=\/wp\/v2\/users\/7"}],"replies":[{"embeddable":true,"href":"https:\/\/www.farakostolna.sk\/index.php?rest_route=%2Fwp%2Fv2%2Fcomments&post=5321"}],"version-history":[{"count":0,"href":"https:\/\/www.farakostolna.sk\/index.php?rest_route=\/wp\/v2\/posts\/5321\/revisions"}],"wp:featuredmedia":[{"embeddable":true,"href":"https:\/\/www.farakostolna.sk\/index.php?rest_route=\/"}],"wp:attachment":[{"href":"https:\/\/www.farakostolna.sk\/index.php?rest_route=%2Fwp%2Fv2%2Fmedia&parent=5321"}],"wp:term":[{"taxonomy":"category","embeddable":true,"href":"https:\/\/www.farakostolna.sk\/index.php?rest_route=%2Fwp%2Fv2%2Fcategories&post=5321"},{"taxonomy":"post_tag","embeddable":true,"href":"https:\/\/www.farakostolna.sk\/index.php?rest_route=%2Fwp%2Fv2%2Ftags&post=5321"}],"curies":[{"name":"wp","href":"https:\/\/api.w.org\/{rel}","templated":true}]}}