{"id":5309,"date":"2021-02-20T01:00:49","date_gmt":"2021-02-20T01:00:49","guid":{"rendered":"http:\/\/kostolna.fara.sk\/?p=5309"},"modified":"2021-02-20T01:00:49","modified_gmt":"2021-02-20T01:00:49","slug":"farske-oznamy-a-zamyslenie-21-02-2021","status":"publish","type":"post","link":"https:\/\/www.farakostolna.sk\/?p=5309","title":{"rendered":"Farsk\u00e9 oznamy a zamyslenie (21.02.2021)"},"content":{"rendered":"\n\t\t\t\t\n\t\t\t\t\n<div class=\"wp-block-image\"><figure class=\"alignleft is-resized\"><img loading=\"lazy\" decoding=\"async\" src=\"http:\/\/kostolna.fara.sk\/wp-content\/uploads\/2021\/02\/WhatsApp-Image-2021-02-19-at-21.18.49.jpeg\" alt=\"\" class=\"wp-image-5310\" width=\"414\" height=\"205\"\/><\/figure><\/div>\n\n\n\n<p>Mo\u017eno to pozn\u00e1te zo \u0161portu, z politiky, z biznisu, \u2026 t\u00fdch najsilnej\u0161\u00edch si m\u00e1lokto tr\u00fafne pok\u00fa\u0161a\u0165 &#8211; maj\u00fa re\u0161pekt. Diabol to v\u0161ak sk\u00fasil na Je\u017ei\u0161a &#8211; neodradila ho Jeho moc. Mysl\u00edte si, \u017ee na n\u00e1s to nesk\u00fa\u0161a? D\u00e1vame si na to pozor, alebo sa \u013eahkomyse\u013ene zahr\u00e1vame s poku\u0161eniami?<\/p>\n\n\n<p><!--more--><\/p>\n\n\n<p><strong>V nede\u013eu s\u00fa sv\u00e4t\u00e9 om\u0161e z Kostolnej op\u00e4\u0165 online cez FB Fara Kostolna o 9:30 v ma\u010farskom a o 11:00 v slovenskom jazyku. <\/strong><\/p>\n\n\n\n<p>Z\u00e1rove\u0148 v\u00e1m pripom\u00ednam, \u017ee ka\u017ed\u00fd de\u0148 (okrem pondelka) v\u00e1m pon\u00fakam na farskom dvore pod pr\u00edstre\u0161kom v Kostolnej mo\u017enos\u0165 individu\u00e1lneho rozhovoru, modlitby, povzbudenia, sviatosti zmierenia i sv\u00e4t\u00e9ho prij\u00edmania v \u010dase od 15:00 do 17:00. V nedele e\u0161te o hodinu dlh\u0161ie od 14:00 do 17:00. V pr\u00edpade potreby ma nev\u00e1hajte kontaktova\u0165 aj telefonicky: 0902 359 859. <br><br><strong>Pokia\u013e sme si e\u0161te nestihli da\u0165 konkr\u00e9tne predsavzatie na p\u00f4st, urobme tak e\u0161te dnes!<\/strong><br><br>S \u00factou, <br>Pavol Gajdo\u0161, v\u00e1\u0161 far\u00e1r<\/p>\n\t\t\t\t","protected":false},"excerpt":{"rendered":"<p>Mo\u017eno to pozn\u00e1te zo \u0161portu, z politiky, z biznisu, \u2026 t\u00fdch najsilnej\u0161\u00edch si m\u00e1lokto tr\u00fafne pok\u00fa\u0161a\u0165 &#8211; maj\u00fa re\u0161pekt. Diabol to v\u0161ak sk\u00fasil na Je\u017ei\u0161a &#8211; neodradila ho Jeho moc. Mysl\u00edte si, \u017ee na n\u00e1s to nesk\u00fa\u0161a? D\u00e1vame si na to pozor, alebo sa \u013eahkomyse\u013ene zahr\u00e1vame s poku\u0161eniami?<\/p>\n","protected":false},"author":7,"featured_media":5310,"comment_status":"closed","ping_status":"closed","sticky":false,"template":"","format":"standard","meta":{"footnotes":""},"categories":[13],"tags":[],"class_list":{"0":"entry","1":"post","2":"publish","3":"author-slado89gmail-com","4":"has-excerpt","5":"has-more-link","6":"post-5309","8":"format-standard","9":"has-post-thumbnail","10":"category-oznamy"},"_links":{"self":[{"href":"https:\/\/www.farakostolna.sk\/index.php?rest_route=\/wp\/v2\/posts\/5309","targetHints":{"allow":["GET"]}}],"collection":[{"href":"https:\/\/www.farakostolna.sk\/index.php?rest_route=\/wp\/v2\/posts"}],"about":[{"href":"https:\/\/www.farakostolna.sk\/index.php?rest_route=\/wp\/v2\/types\/post"}],"author":[{"embeddable":true,"href":"https:\/\/www.farakostolna.sk\/index.php?rest_route=\/wp\/v2\/users\/7"}],"replies":[{"embeddable":true,"href":"https:\/\/www.farakostolna.sk\/index.php?rest_route=%2Fwp%2Fv2%2Fcomments&post=5309"}],"version-history":[{"count":0,"href":"https:\/\/www.farakostolna.sk\/index.php?rest_route=\/wp\/v2\/posts\/5309\/revisions"}],"wp:featuredmedia":[{"embeddable":true,"href":"https:\/\/www.farakostolna.sk\/index.php?rest_route=\/"}],"wp:attachment":[{"href":"https:\/\/www.farakostolna.sk\/index.php?rest_route=%2Fwp%2Fv2%2Fmedia&parent=5309"}],"wp:term":[{"taxonomy":"category","embeddable":true,"href":"https:\/\/www.farakostolna.sk\/index.php?rest_route=%2Fwp%2Fv2%2Fcategories&post=5309"},{"taxonomy":"post_tag","embeddable":true,"href":"https:\/\/www.farakostolna.sk\/index.php?rest_route=%2Fwp%2Fv2%2Ftags&post=5309"}],"curies":[{"name":"wp","href":"https:\/\/api.w.org\/{rel}","templated":true}]}}