{"id":5302,"date":"2021-02-16T18:32:13","date_gmt":"2021-02-16T18:32:13","guid":{"rendered":"http:\/\/kostolna.fara.sk\/?p=5302"},"modified":"2021-02-16T18:32:13","modified_gmt":"2021-02-16T18:32:13","slug":"popolcova-streda-farske-oznamy-a-zamyslenie-17-02-2021","status":"publish","type":"post","link":"https:\/\/www.farakostolna.sk\/?p=5302","title":{"rendered":"Popolcov\u00e1 streda &#8211; farsk\u00e9 oznamy a zamyslenie (17.02.2021)"},"content":{"rendered":"\n\t\t\t\t\n\t\t\t\t\n<div class=\"wp-block-image\"><figure class=\"alignleft is-resized\"><img loading=\"lazy\" decoding=\"async\" src=\"http:\/\/kostolna.fara.sk\/wp-content\/uploads\/2021\/02\/WhatsApp-Image-2021-02-16-at-19.15.41-1024x682.jpeg\" alt=\"\" class=\"wp-image-5303\" width=\"414\" height=\"275\"\/><\/figure><\/div>\n\n\n\n<p>P\u00f4st, to znie tak &#8220;di\u00e9tne&#8221;, ale to nie je di\u00e9ta! Je to predov\u0161etk\u00fdm zmierenie sa s Bohom, kde v\u00e1\u017enos\u0165 svojho vn\u00fatorn\u00e9ho postoja preukazujeme vonkaj\u0161\u00edm prejavom. L\u00e1ska nie\u010do stoj\u00ed &#8211; sme ochotn\u00ed aspo\u0148 takto symbolicky &#8220;plati\u0165&#8221;? <\/p>\n\n\n<p><!--more--><\/p>\n\n\n<p>Pripom\u00ednam, \u017ee zajtra m\u00e1me popolcov\u00fa stredu, kedy n\u00e1s zav\u00e4zuje pr\u00edsny p\u00f4st. To znamen\u00e1, \u017ee sa zdr\u017eiavame m\u00e4sit\u00e9ho pokrmu! Dospel\u00ed (od 18-60 roku) jedia len 3x za de\u0148, z toho len raz dos\u00fdta. P\u00f4st roz\u0161\u00edrme aj na in\u00e9 telesn\u00e9 a zmyseln\u00e9 ovl\u00e1danie. Viac venujme du\u0161i a menej telu. Vst\u00fapme do \u010dasu ve\u013ek\u00e9ho p\u00f4stu s konkr\u00e9tnym predsavzat\u00edm, \u010do budeme pre du\u0161u viac robi\u0165 a \u010doho sa chr\u00e1ni\u0165!<br><br><strong>Sv\u00e4t\u00e9 om\u0161e bud\u00fa na popolcov\u00fa stredu aj z Kostolnej online: FB Fara Kostolna o 17:00 v ma\u010farskom a 18:00 v slovenskom jazyku. <\/strong><br><br>Predt\u00fdm budem pre v\u00e1s k dispoz\u00edcii vonku na farskom dvore v Kostolnej pod pr\u00edstre\u0161kom pripraven\u00fd individu\u00e1lne poskytn\u00fa\u0165 rozhovor, modlitbu, povzbudenie, sv\u00e4t\u00fa spove\u010f, sv\u00e4t\u00e9 prij\u00edmanie i posypanie popolom v \u010dase od 14:00 do 16:50. <br><br>V pr\u00edpade potreby ma nev\u00e1hajte kontaktova\u0165 aj telefonicky: 0902 359 859. <br><br>S \u00factou,<br>Pavol Gajdo\u0161, v\u00e1\u0161 far\u00e1r.<\/p>\n\t\t\t\t","protected":false},"excerpt":{"rendered":"<p>P\u00f4st, to znie tak &#8220;di\u00e9tne&#8221;, ale to nie je di\u00e9ta! Je to predov\u0161etk\u00fdm zmierenie sa s Bohom, kde v\u00e1\u017enos\u0165 svojho vn\u00fatorn\u00e9ho postoja preukazujeme vonkaj\u0161\u00edm prejavom. L\u00e1ska nie\u010do stoj\u00ed &#8211; sme ochotn\u00ed aspo\u0148 takto symbolicky &#8220;plati\u0165&#8221;?<\/p>\n","protected":false},"author":7,"featured_media":5303,"comment_status":"closed","ping_status":"closed","sticky":false,"template":"","format":"standard","meta":{"footnotes":""},"categories":[13],"tags":[],"class_list":{"0":"entry","1":"post","2":"publish","3":"author-slado89gmail-com","4":"has-excerpt","5":"has-more-link","6":"post-5302","8":"format-standard","9":"has-post-thumbnail","10":"category-oznamy"},"_links":{"self":[{"href":"https:\/\/www.farakostolna.sk\/index.php?rest_route=\/wp\/v2\/posts\/5302","targetHints":{"allow":["GET"]}}],"collection":[{"href":"https:\/\/www.farakostolna.sk\/index.php?rest_route=\/wp\/v2\/posts"}],"about":[{"href":"https:\/\/www.farakostolna.sk\/index.php?rest_route=\/wp\/v2\/types\/post"}],"author":[{"embeddable":true,"href":"https:\/\/www.farakostolna.sk\/index.php?rest_route=\/wp\/v2\/users\/7"}],"replies":[{"embeddable":true,"href":"https:\/\/www.farakostolna.sk\/index.php?rest_route=%2Fwp%2Fv2%2Fcomments&post=5302"}],"version-history":[{"count":0,"href":"https:\/\/www.farakostolna.sk\/index.php?rest_route=\/wp\/v2\/posts\/5302\/revisions"}],"wp:featuredmedia":[{"embeddable":true,"href":"https:\/\/www.farakostolna.sk\/index.php?rest_route=\/"}],"wp:attachment":[{"href":"https:\/\/www.farakostolna.sk\/index.php?rest_route=%2Fwp%2Fv2%2Fmedia&parent=5302"}],"wp:term":[{"taxonomy":"category","embeddable":true,"href":"https:\/\/www.farakostolna.sk\/index.php?rest_route=%2Fwp%2Fv2%2Fcategories&post=5302"},{"taxonomy":"post_tag","embeddable":true,"href":"https:\/\/www.farakostolna.sk\/index.php?rest_route=%2Fwp%2Fv2%2Ftags&post=5302"}],"curies":[{"name":"wp","href":"https:\/\/api.w.org\/{rel}","templated":true}]}}