{"id":5292,"date":"2021-02-13T01:00:51","date_gmt":"2021-02-13T01:00:51","guid":{"rendered":"http:\/\/kostolna.fara.sk\/?p=5292"},"modified":"2021-02-13T01:00:51","modified_gmt":"2021-02-13T01:00:51","slug":"farske-oznamy-a-zamyslenie-14-02-2021","status":"publish","type":"post","link":"https:\/\/www.farakostolna.sk\/?p=5292","title":{"rendered":"Farsk\u00e9 oznamy a zamyslenie (14.02.2021)"},"content":{"rendered":"\n\t\t\t\t\n\t\t\t\t\n<div class=\"wp-block-image\"><figure class=\"alignleft is-resized\"><img loading=\"lazy\" decoding=\"async\" src=\"http:\/\/kostolna.fara.sk\/wp-content\/uploads\/2021\/02\/WhatsApp-Image-2021-02-12-at-21.09.06.jpeg\" alt=\"\" class=\"wp-image-5293\" width=\"408\" height=\"271\"\/><\/figure><\/div>\n\n\n\n<p>Je\u017ei\u0161 dotykom malomocn\u00e9ho prekro\u010dil tis\u00edcro\u010dn\u00e9 pravidl\u00e1 &#8211; zr\u00facal &#8220;bari\u00e9ru&#8221; medzi Bohom a \u010dlovekom. Je na n\u00e1s, \u010di pr\u00eddeme k nemu, aby aj n\u00e1s o\u010distil. Mus\u00edme v\u0161ak zr\u00faca\u0165 bari\u00e9ru, ktor\u00e1 n\u00e1m v tom br\u00e1ni. Ak\u00e1 je tvoja bari\u00e9ra, ktor\u00fa potrebuje\u0161 zr\u00faca\u0165, aby \u0164a Je\u017ei\u0161 o\u010distil? (porov. Mk 1, 40-45) <\/p>\n\n\n<p><!--more--><\/p>\n\n\n<p><strong>Nede\u013en\u00e9 sv\u00e4t\u00e9 om\u0161e aj z Kostolnej st\u00e1le zatia\u013e iba online: FB Fara Kostolna o 9:30 v ma\u010farskom a 11:00 v slovenskom jazyku. <\/strong><br><br>Av\u0161ak ka\u017ed\u00fd de\u0148 (od utorka do nedele) som pre v\u00e1s k dispoz\u00edcii vonku na farskom dvore v Kostolnej pod pr\u00edstre\u0161kom pripraven\u00fd individu\u00e1lne poskytn\u00fa\u0165 rozhovor, modlitbu, povzbudenie, sv\u00e4t\u00fa spove\u010f, alebo sv\u00e4t\u00e9 prij\u00edmanie v \u010dase od 15:00 do 17:00. V nede\u013eu e\u0161te o hodinu dlh\u0161ie od 14:00 do 17:00. V pr\u00edpade potreby ma nev\u00e1hajte kontaktova\u0165 aj telefonicky: 0902 359 859. <\/p>\n\n\n\n<p>Pripom\u00ednam v\u00e1m, \u017ee tento t\u00fd\u017ede\u0148 m\u00e1me aj popolcov\u00fa stredu, kedy n\u00e1s zav\u00e4zuje pr\u00edsny p\u00f4st. To znamen\u00e1, \u017ee sa zdr\u017eiavame m\u00e4sit\u00e9ho pokrmu! Dospel\u00ed (od 18-60 roku) jedia len 3 x za de\u0148, z toho len raz do s\u00fdta. P\u00f4st roz\u0161\u00edrme aj na in\u00e9 telesn\u00e9 a zmyseln\u00e9 ovl\u00e1danie. Viac venujme du\u0161i a menej telu. Vst\u00fapme do \u010dasu ve\u013ek\u00e9ho p\u00f4stu s konkr\u00e9tnym predsavzat\u00edm, \u010do budeme pre du\u0161u viac robi\u0165 a \u010doho sa chr\u00e1ni\u0165!<\/p>\n\n\n\n<p>S \u00factou, <br>Pavol Gajdo\u0161, v\u00e1\u0161 far\u00e1r.<\/p>\n\t\t\t\t","protected":false},"excerpt":{"rendered":"<p>Je\u017ei\u0161 dotykom malomocn\u00e9ho prekro\u010dil tis\u00edcro\u010dn\u00e9 pravidl\u00e1 &#8211; zr\u00facal &#8220;bari\u00e9ru&#8221; medzi Bohom a \u010dlovekom. Je na n\u00e1s, \u010di pr\u00eddeme k nemu, aby aj n\u00e1s o\u010distil. Mus\u00edme v\u0161ak zr\u00faca\u0165 bari\u00e9ru, ktor\u00e1 n\u00e1m v tom br\u00e1ni. Ak\u00e1 je tvoja bari\u00e9ra, ktor\u00fa potrebuje\u0161 zr\u00faca\u0165, aby \u0164a Je\u017ei\u0161 o\u010distil? (porov. Mk 1, 40-45)<\/p>\n","protected":false},"author":7,"featured_media":5293,"comment_status":"closed","ping_status":"closed","sticky":false,"template":"","format":"standard","meta":{"footnotes":""},"categories":[13],"tags":[],"class_list":{"0":"entry","1":"post","2":"publish","3":"author-slado89gmail-com","4":"has-excerpt","5":"has-more-link","6":"post-5292","8":"format-standard","9":"has-post-thumbnail","10":"category-oznamy"},"_links":{"self":[{"href":"https:\/\/www.farakostolna.sk\/index.php?rest_route=\/wp\/v2\/posts\/5292","targetHints":{"allow":["GET"]}}],"collection":[{"href":"https:\/\/www.farakostolna.sk\/index.php?rest_route=\/wp\/v2\/posts"}],"about":[{"href":"https:\/\/www.farakostolna.sk\/index.php?rest_route=\/wp\/v2\/types\/post"}],"author":[{"embeddable":true,"href":"https:\/\/www.farakostolna.sk\/index.php?rest_route=\/wp\/v2\/users\/7"}],"replies":[{"embeddable":true,"href":"https:\/\/www.farakostolna.sk\/index.php?rest_route=%2Fwp%2Fv2%2Fcomments&post=5292"}],"version-history":[{"count":0,"href":"https:\/\/www.farakostolna.sk\/index.php?rest_route=\/wp\/v2\/posts\/5292\/revisions"}],"wp:featuredmedia":[{"embeddable":true,"href":"https:\/\/www.farakostolna.sk\/index.php?rest_route=\/"}],"wp:attachment":[{"href":"https:\/\/www.farakostolna.sk\/index.php?rest_route=%2Fwp%2Fv2%2Fmedia&parent=5292"}],"wp:term":[{"taxonomy":"category","embeddable":true,"href":"https:\/\/www.farakostolna.sk\/index.php?rest_route=%2Fwp%2Fv2%2Fcategories&post=5292"},{"taxonomy":"post_tag","embeddable":true,"href":"https:\/\/www.farakostolna.sk\/index.php?rest_route=%2Fwp%2Fv2%2Ftags&post=5292"}],"curies":[{"name":"wp","href":"https:\/\/api.w.org\/{rel}","templated":true}]}}