{"id":5289,"date":"2021-02-07T08:59:17","date_gmt":"2021-02-07T08:59:17","guid":{"rendered":"http:\/\/kostolna.fara.sk\/?p=5289"},"modified":"2021-02-07T08:59:17","modified_gmt":"2021-02-07T08:59:17","slug":"sv-omsa-z-kostolnej-pri-dunaji-07-02-2021","status":"publish","type":"post","link":"https:\/\/www.farakostolna.sk\/?p=5289","title":{"rendered":"Sv. om\u0161a z Kostolnej pri Dunaji (07.02.2021)"},"content":{"rendered":"\n\t\t\t\t\n\t\t\t\t\n<div class=\"wp-block-image\"><figure class=\"alignleft is-resized\"><img loading=\"lazy\" decoding=\"async\" src=\"http:\/\/kostolna.fara.sk\/wp-content\/uploads\/2020\/11\/WhatsApp-Image-2020-11-22-at-12.31.51-1024x768.jpeg\" alt=\"\" class=\"wp-image-5063\" width=\"440\" height=\"330\"\/><\/figure><\/div>\n\n\n\n<p>Prin\u00e1\u0161ame V\u00e1m obrazov\u00fd z\u00e1znam sv. om\u0161\u00ed, ktor\u00e9 boli sl\u00e1ven\u00e9 07.02.2021 v na\u0161om farskom kostole v Kostolnej pri Dunaji:<\/p>\n\n\n\n<p><a href=\"https:\/\/www.facebook.com\/fara.kostolna\/videos\/879980789428354\/\">\u2013 o 9:30 v ma\u010farskom jazyku<\/a><br><a href=\"https:\/\/www.facebook.com\/fara.kostolna\/videos\/880026539423779\">\u2013 o 11:00 v slovenskom jazyku<\/a><\/p>\n\t\t\t\t","protected":false},"excerpt":{"rendered":"<p>Prin\u00e1\u0161ame V\u00e1m obrazov\u00fd z\u00e1znam sv. om\u0161\u00ed, ktor\u00e9 boli sl\u00e1ven\u00e9 07.02.2021 v na\u0161om farskom kostole v Kostolnej pri Dunaji: \u2013 o 9:30 v ma\u010farskom jazyku\u2013 o 11:00 v slovenskom jazyku<\/p>\n","protected":false},"author":7,"featured_media":5063,"comment_status":"closed","ping_status":"closed","sticky":false,"template":"","format":"standard","meta":{"footnotes":""},"categories":[17],"tags":[],"class_list":{"0":"entry","1":"post","2":"publish","3":"author-slado89gmail-com","4":"has-excerpt","5":"post-5289","7":"format-standard","8":"has-post-thumbnail","9":"category-sv-omsa"},"_links":{"self":[{"href":"https:\/\/www.farakostolna.sk\/index.php?rest_route=\/wp\/v2\/posts\/5289","targetHints":{"allow":["GET"]}}],"collection":[{"href":"https:\/\/www.farakostolna.sk\/index.php?rest_route=\/wp\/v2\/posts"}],"about":[{"href":"https:\/\/www.farakostolna.sk\/index.php?rest_route=\/wp\/v2\/types\/post"}],"author":[{"embeddable":true,"href":"https:\/\/www.farakostolna.sk\/index.php?rest_route=\/wp\/v2\/users\/7"}],"replies":[{"embeddable":true,"href":"https:\/\/www.farakostolna.sk\/index.php?rest_route=%2Fwp%2Fv2%2Fcomments&post=5289"}],"version-history":[{"count":0,"href":"https:\/\/www.farakostolna.sk\/index.php?rest_route=\/wp\/v2\/posts\/5289\/revisions"}],"wp:featuredmedia":[{"embeddable":true,"href":"https:\/\/www.farakostolna.sk\/index.php?rest_route=\/"}],"wp:attachment":[{"href":"https:\/\/www.farakostolna.sk\/index.php?rest_route=%2Fwp%2Fv2%2Fmedia&parent=5289"}],"wp:term":[{"taxonomy":"category","embeddable":true,"href":"https:\/\/www.farakostolna.sk\/index.php?rest_route=%2Fwp%2Fv2%2Fcategories&post=5289"},{"taxonomy":"post_tag","embeddable":true,"href":"https:\/\/www.farakostolna.sk\/index.php?rest_route=%2Fwp%2Fv2%2Ftags&post=5289"}],"curies":[{"name":"wp","href":"https:\/\/api.w.org\/{rel}","templated":true}]}}