{"id":5283,"date":"2021-02-06T01:00:24","date_gmt":"2021-02-06T01:00:24","guid":{"rendered":"http:\/\/kostolna.fara.sk\/?p=5283"},"modified":"2021-02-06T01:00:24","modified_gmt":"2021-02-06T01:00:24","slug":"farske-oznamy-a-zamyslenie-07-02-2021","status":"publish","type":"post","link":"https:\/\/www.farakostolna.sk\/?p=5283","title":{"rendered":"Farsk\u00e9 oznamy a zamyslenie (07.02.2021)"},"content":{"rendered":"\n\t\t\t\t\n\t\t\t\t\n<div class=\"wp-block-image\"><figure class=\"alignleft is-resized\"><img loading=\"lazy\" decoding=\"async\" src=\"http:\/\/kostolna.fara.sk\/wp-content\/uploads\/2021\/02\/WhatsApp-Image-2021-02-05-at-21.32.20.jpeg\" alt=\"\" class=\"wp-image-5284\" width=\"382\" height=\"287\"\/><\/figure><\/div>\n\n\n\n<p>Ak\u00e9 bolo hlavn\u00e9 poslanie Je\u017ei\u0161a? Na prv\u00fd poh\u013ead sa zd\u00e1, \u017ee uzdravova\u0165 telo. On s\u00e1m v\u0161ak hovor\u00ed, \u017ee mus\u00ed k\u00e1za\u0165. Jeho slov\u00e1 uzdravuj\u00fa aj du\u0161u. A my, h\u013ead\u00e1me v \u0148om lie\u010dite\u013ea alebo Spasite\u013ea? (porov. Mk 1, 29-39)<\/p>\n\n\n<p><!--more--><\/p>\n\n\n<p>Nede\u013en\u00e9 sv\u00e4t\u00e9 om\u0161e z Kostolnej aj tentoraz zatia\u013e iba online: FB Fara Kostolna o 9:30 v ma\u010farskom a 11:00 v slovenskom jazyku. <br><br>Ka\u017ed\u00fd de\u0148 som vonku na farskom dvore v Kostolnej pre v\u00e1s pripraven\u00fd individu\u00e1lne poskytn\u00fa\u0165 rozhovor, modlitbu, povzbudenie, sv\u00e4t\u00fa spove\u010f, alebo sv\u00e4t\u00e9 prij\u00edmanie v \u010dase od 15-17. V nede\u013eu e\u0161te o hodinu dlh\u0161ie od 14-17. V pr\u00edpade potreby ma nev\u00e1hajte kontaktova\u0165 aj telefonicky: 0902 359 859. <br><br>S \u00factou, <br>Pavol Gajdo\u0161, v\u00e1\u0161 far\u00e1r.<\/p>\n\t\t\t\t","protected":false},"excerpt":{"rendered":"<p>Ak\u00e9 bolo hlavn\u00e9 poslanie Je\u017ei\u0161a? Na prv\u00fd poh\u013ead sa zd\u00e1, \u017ee uzdravova\u0165 telo. On s\u00e1m v\u0161ak hovor\u00ed, \u017ee mus\u00ed k\u00e1za\u0165. Jeho slov\u00e1 uzdravuj\u00fa aj du\u0161u. A my, h\u013ead\u00e1me v \u0148om lie\u010dite\u013ea alebo Spasite\u013ea? (porov. Mk 1, 29-39)<\/p>\n","protected":false},"author":7,"featured_media":5284,"comment_status":"closed","ping_status":"closed","sticky":false,"template":"","format":"standard","meta":{"footnotes":""},"categories":[13],"tags":[],"class_list":{"0":"entry","1":"post","2":"publish","3":"author-slado89gmail-com","4":"has-excerpt","5":"has-more-link","6":"post-5283","8":"format-standard","9":"has-post-thumbnail","10":"category-oznamy"},"_links":{"self":[{"href":"https:\/\/www.farakostolna.sk\/index.php?rest_route=\/wp\/v2\/posts\/5283","targetHints":{"allow":["GET"]}}],"collection":[{"href":"https:\/\/www.farakostolna.sk\/index.php?rest_route=\/wp\/v2\/posts"}],"about":[{"href":"https:\/\/www.farakostolna.sk\/index.php?rest_route=\/wp\/v2\/types\/post"}],"author":[{"embeddable":true,"href":"https:\/\/www.farakostolna.sk\/index.php?rest_route=\/wp\/v2\/users\/7"}],"replies":[{"embeddable":true,"href":"https:\/\/www.farakostolna.sk\/index.php?rest_route=%2Fwp%2Fv2%2Fcomments&post=5283"}],"version-history":[{"count":0,"href":"https:\/\/www.farakostolna.sk\/index.php?rest_route=\/wp\/v2\/posts\/5283\/revisions"}],"wp:featuredmedia":[{"embeddable":true,"href":"https:\/\/www.farakostolna.sk\/index.php?rest_route=\/"}],"wp:attachment":[{"href":"https:\/\/www.farakostolna.sk\/index.php?rest_route=%2Fwp%2Fv2%2Fmedia&parent=5283"}],"wp:term":[{"taxonomy":"category","embeddable":true,"href":"https:\/\/www.farakostolna.sk\/index.php?rest_route=%2Fwp%2Fv2%2Fcategories&post=5283"},{"taxonomy":"post_tag","embeddable":true,"href":"https:\/\/www.farakostolna.sk\/index.php?rest_route=%2Fwp%2Fv2%2Ftags&post=5283"}],"curies":[{"name":"wp","href":"https:\/\/api.w.org\/{rel}","templated":true}]}}