{"id":5274,"date":"2021-01-30T01:59:53","date_gmt":"2021-01-30T01:59:53","guid":{"rendered":"http:\/\/kostolna.fara.sk\/?p=5274"},"modified":"2021-01-30T01:59:53","modified_gmt":"2021-01-30T01:59:53","slug":"farske-oznamy-a-zamyslenie-31-01-2021","status":"publish","type":"post","link":"https:\/\/www.farakostolna.sk\/?p=5274","title":{"rendered":"Farsk\u00e9 oznamy a zamyslenie (31.01.2021)"},"content":{"rendered":"\n\t\t\t\t\n\t\t\t\t\n<div class=\"wp-block-image\"><figure class=\"alignleft is-resized\"><img loading=\"lazy\" decoding=\"async\" src=\"http:\/\/kostolna.fara.sk\/wp-content\/uploads\/2021\/01\/WhatsApp-Image-2021-01-29-at-21.56.36.jpeg\" alt=\"\" class=\"wp-image-5275\" width=\"416\" height=\"275\"\/><\/figure><\/div>\n\n\n\n<p>\u010c\u00edm je pre n\u00e1s vlastne kres\u0165anstvo a Je\u017ei\u0161ove slov\u00e1? Je to iba s\u00fabor pr\u00edkazov a z\u00e1kazov alebo je to u\u010denie s mocou? \u010comu a komu ver\u00edme?<\/p>\n\n\n<p><!--more--><\/p>\n\n\n<p><strong>Nede\u013en\u00e9 sv\u00e4t\u00e9 om\u0161e z Kostolnej zatia\u013e iba online: FB Fara Kostolna o 9:30 v ma\u010farskom a 11:00 v slovenskom jazyku.<\/strong><br><br>Ka\u017ed\u00fd de\u0148 (od pondelka do nedele) m\u00e1m poobede od 15:00 do 17:00 prech\u00e1dzku na farskom dvore, v r\u00e1mci ktorej v\u00e1m viem individu\u00e1lne poskytn\u00fa\u0165 rozhovor, sv\u00e4t\u00fa spove\u010f, alebo sv\u00e4t\u00e9 prij\u00edmanie. V pr\u00edpade potreby ma nev\u00e1hajte kontaktova\u0165 aj telefonicky: 0902 359 859. <br><br>S \u00factou, <br>Pavol Gajdo\u0161, v\u00e1\u0161 far\u00e1r.<\/p>\n\t\t\t\t","protected":false},"excerpt":{"rendered":"<p>\u010c\u00edm je pre n\u00e1s vlastne kres\u0165anstvo a Je\u017ei\u0161ove slov\u00e1? Je to iba s\u00fabor pr\u00edkazov a z\u00e1kazov alebo je to u\u010denie s mocou? \u010comu a komu ver\u00edme?<\/p>\n","protected":false},"author":7,"featured_media":5275,"comment_status":"closed","ping_status":"closed","sticky":false,"template":"","format":"standard","meta":{"footnotes":""},"categories":[13],"tags":[],"class_list":{"0":"entry","1":"post","2":"publish","3":"author-slado89gmail-com","4":"has-excerpt","5":"has-more-link","6":"post-5274","8":"format-standard","9":"has-post-thumbnail","10":"category-oznamy"},"_links":{"self":[{"href":"https:\/\/www.farakostolna.sk\/index.php?rest_route=\/wp\/v2\/posts\/5274","targetHints":{"allow":["GET"]}}],"collection":[{"href":"https:\/\/www.farakostolna.sk\/index.php?rest_route=\/wp\/v2\/posts"}],"about":[{"href":"https:\/\/www.farakostolna.sk\/index.php?rest_route=\/wp\/v2\/types\/post"}],"author":[{"embeddable":true,"href":"https:\/\/www.farakostolna.sk\/index.php?rest_route=\/wp\/v2\/users\/7"}],"replies":[{"embeddable":true,"href":"https:\/\/www.farakostolna.sk\/index.php?rest_route=%2Fwp%2Fv2%2Fcomments&post=5274"}],"version-history":[{"count":0,"href":"https:\/\/www.farakostolna.sk\/index.php?rest_route=\/wp\/v2\/posts\/5274\/revisions"}],"wp:featuredmedia":[{"embeddable":true,"href":"https:\/\/www.farakostolna.sk\/index.php?rest_route=\/"}],"wp:attachment":[{"href":"https:\/\/www.farakostolna.sk\/index.php?rest_route=%2Fwp%2Fv2%2Fmedia&parent=5274"}],"wp:term":[{"taxonomy":"category","embeddable":true,"href":"https:\/\/www.farakostolna.sk\/index.php?rest_route=%2Fwp%2Fv2%2Fcategories&post=5274"},{"taxonomy":"post_tag","embeddable":true,"href":"https:\/\/www.farakostolna.sk\/index.php?rest_route=%2Fwp%2Fv2%2Ftags&post=5274"}],"curies":[{"name":"wp","href":"https:\/\/api.w.org\/{rel}","templated":true}]}}