{"id":5224,"date":"2021-01-05T08:41:56","date_gmt":"2021-01-05T08:41:56","guid":{"rendered":"http:\/\/kostolna.fara.sk\/?p=5224"},"modified":"2021-01-05T08:41:56","modified_gmt":"2021-01-05T08:41:56","slug":"farske-oznamy-a-zamyslenie-06-01-2021","status":"publish","type":"post","link":"https:\/\/www.farakostolna.sk\/?p=5224","title":{"rendered":"Farsk\u00e9 oznamy a zamyslenie (06.01.2021)"},"content":{"rendered":"\n\t\t\t\t\n\t\t\t\t\n<div class=\"wp-block-image\"><figure class=\"alignleft is-resized\"><img loading=\"lazy\" decoding=\"async\" src=\"http:\/\/kostolna.fara.sk\/wp-content\/uploads\/2021\/01\/WhatsApp-Image-2021-01-05-at-09.35.48.jpeg\" alt=\"\" class=\"wp-image-5225\" width=\"469\" height=\"312\"\/><\/figure><\/div>\n\n\n\n<p>Traja mudrci pre\u0161li so svojou karav\u00e1nou obrovsk\u00fa vzdialenos\u0165, priniesli nezn\u00e1memu kr\u00e1\u013eovi vz\u00e1cne dary. \u010co sme ochotn\u00ed my prejs\u0165 a prekona\u0165 kv\u00f4li zn\u00e1memu Kr\u00e1\u013eovi a \u010do mu prinesieme?<\/p>\n\n\n<p><!--more--><\/p>\n\n\n<p>Sv\u00e4t\u00e9 om\u0161e bud\u00fa <strong>6. janu\u00e1ra 2020 na sviatok Zjavenia P\u00e1na<\/strong> (\u013eudovo Troch kr\u00e1\u013eov) op\u00e4\u0165 cez online prenos na FB Fara Kostolna. <strong>9:30 v ma\u010farskom a 11:00 v slovenskom jazyku,<\/strong> ktor\u00e1 bude pren\u00e1\u0161an\u00e1 aj do R\u00e1dio M\u00e1ria. T\u00fdmto z\u00e1rove\u0148 \u010fakujem o. Martinovi Jar\u00e1bkovi za jeho slu\u017ebu.<\/p>\n\n\n\n<p>S \u00factou, <br>Pavol Gajdo\u0161, v\u00e1\u0161 far\u00e1r<\/p>\n\t\t\t\t","protected":false},"excerpt":{"rendered":"<p>Traja mudrci pre\u0161li so svojou karav\u00e1nou obrovsk\u00fa vzdialenos\u0165, priniesli nezn\u00e1memu kr\u00e1\u013eovi vz\u00e1cne dary. \u010co sme ochotn\u00ed my prejs\u0165 a prekona\u0165 kv\u00f4li zn\u00e1memu Kr\u00e1\u013eovi a \u010do mu prinesieme?<\/p>\n","protected":false},"author":7,"featured_media":5225,"comment_status":"closed","ping_status":"closed","sticky":false,"template":"","format":"standard","meta":{"footnotes":""},"categories":[13],"tags":[],"class_list":{"0":"entry","1":"post","2":"publish","3":"author-slado89gmail-com","4":"has-excerpt","5":"has-more-link","6":"post-5224","8":"format-standard","9":"has-post-thumbnail","10":"category-oznamy"},"_links":{"self":[{"href":"https:\/\/www.farakostolna.sk\/index.php?rest_route=\/wp\/v2\/posts\/5224","targetHints":{"allow":["GET"]}}],"collection":[{"href":"https:\/\/www.farakostolna.sk\/index.php?rest_route=\/wp\/v2\/posts"}],"about":[{"href":"https:\/\/www.farakostolna.sk\/index.php?rest_route=\/wp\/v2\/types\/post"}],"author":[{"embeddable":true,"href":"https:\/\/www.farakostolna.sk\/index.php?rest_route=\/wp\/v2\/users\/7"}],"replies":[{"embeddable":true,"href":"https:\/\/www.farakostolna.sk\/index.php?rest_route=%2Fwp%2Fv2%2Fcomments&post=5224"}],"version-history":[{"count":0,"href":"https:\/\/www.farakostolna.sk\/index.php?rest_route=\/wp\/v2\/posts\/5224\/revisions"}],"wp:featuredmedia":[{"embeddable":true,"href":"https:\/\/www.farakostolna.sk\/index.php?rest_route=\/"}],"wp:attachment":[{"href":"https:\/\/www.farakostolna.sk\/index.php?rest_route=%2Fwp%2Fv2%2Fmedia&parent=5224"}],"wp:term":[{"taxonomy":"category","embeddable":true,"href":"https:\/\/www.farakostolna.sk\/index.php?rest_route=%2Fwp%2Fv2%2Fcategories&post=5224"},{"taxonomy":"post_tag","embeddable":true,"href":"https:\/\/www.farakostolna.sk\/index.php?rest_route=%2Fwp%2Fv2%2Ftags&post=5224"}],"curies":[{"name":"wp","href":"https:\/\/api.w.org\/{rel}","templated":true}]}}