{"id":5212,"date":"2021-01-02T12:17:49","date_gmt":"2021-01-02T12:17:49","guid":{"rendered":"http:\/\/kostolna.fara.sk\/?p=5212"},"modified":"2021-01-02T12:17:49","modified_gmt":"2021-01-02T12:17:49","slug":"farske-oznamy-a-zamyslenie-03-01-2021","status":"publish","type":"post","link":"https:\/\/www.farakostolna.sk\/?p=5212","title":{"rendered":"Farsk\u00e9 oznamy a zamyslenie (03.01.2021)"},"content":{"rendered":"\n\t\t\t\t\n\t\t\t\t\n<div class=\"wp-block-image\"><figure class=\"alignleft\"><img decoding=\"async\" src=\"http:\/\/kostolna.fara.sk\/wp-content\/uploads\/2021\/01\/WhatsApp-Image-2021-01-02-at-13.05.05.jpeg\" alt=\"\" class=\"wp-image-5213\"\/><\/figure><\/div>\n\n\n\n<p>Bo\u017eie Slovo &#8211; je n\u00e1m e\u0161te na nie\u010do? Je st\u00e1le najvy\u0161\u0161ou m\u00fadros\u0165ou, slovom \u017eivota, ktor\u00e9 m\u00e1 moc meni\u0165 nielen svet, ale dokonca aj n\u00e1s sam\u00fdch? Nebojme sa ho! H\u013eadajme v \u0148om odpovede! Povzbudzujem v\u00e1s k jeho objaveniu. Ono menilo a aj men\u00ed v\u0161etko na nov\u00e9 &#8211; Bo\u017eie a z\u00e1rove\u0148 naplno \u013eudsk\u00e9. (porov. Jn 1,1-18)<\/p>\n\n\n<p><!--more--><\/p>\n\n\n<p><strong>Aj v t\u00fato nede\u013eu bud\u00fa sv\u00e4t\u00e9 om\u0161e z Kostolnej pren\u00e1\u0161an\u00e9 cez Facebook Fara Kostolna o 9:30 v ma\u010farskom a 11:00 v slovenskom jazyku. Celebrova\u0165 bude vdp. o. Martin Jar\u00e1bek, riadite\u013e R\u00e1dio M\u00e1ria. <\/strong><br><br>Predsie\u0148 farsk\u00e9ho kostola je pre v\u00e1s aj po\u010das t\u00fdchto dn\u00ed denne otvoren\u00e1 od 8:00 do 20:00 k s\u00fakromnej modlitbe.<br><br>Modl\u00edm sa za v\u00e1s. Dr\u017ete sa. <br>S \u00factou, <br>Pavol Gajdo\u0161, v\u00e1\u0161 far\u00e1r<\/p>\n\n\n\n<p>kontakt na o. Martina Jar\u00e1bka: 0917 191 040, <br>v pr\u00edpade zaopatrovania, pohrebu: o. Gabriel Klenko: 0911 811 328<\/p>\n\n\n\n<div class=\"wp-block-image\"><figure class=\"aligncenter\"><img decoding=\"async\" src=\"http:\/\/kostolna.fara.sk\/wp-content\/uploads\/2021\/01\/61257D98-69F5-4F12-8308-38896CAE1830-1024x530.jpeg\" alt=\"\" class=\"wp-image-5216\"\/><\/figure><\/div>\n\t\t\t\t","protected":false},"excerpt":{"rendered":"<p>Bo\u017eie Slovo &#8211; je n\u00e1m e\u0161te na nie\u010do? Je st\u00e1le najvy\u0161\u0161ou m\u00fadros\u0165ou, slovom \u017eivota, ktor\u00e9 m\u00e1 moc meni\u0165 nielen svet, ale dokonca aj n\u00e1s sam\u00fdch? Nebojme sa ho! H\u013eadajme v \u0148om odpovede! Povzbudzujem v\u00e1s k jeho objaveniu. Ono menilo a aj men\u00ed v\u0161etko na nov\u00e9 &#8211; Bo\u017eie a z\u00e1rove\u0148 naplno \u013eudsk\u00e9. (porov. Jn 1,1-18)<\/p>\n","protected":false},"author":7,"featured_media":5213,"comment_status":"closed","ping_status":"closed","sticky":false,"template":"","format":"standard","meta":{"footnotes":""},"categories":[13],"tags":[],"class_list":{"0":"entry","1":"post","2":"publish","3":"author-slado89gmail-com","4":"has-excerpt","5":"has-more-link","6":"post-5212","8":"format-standard","9":"has-post-thumbnail","10":"category-oznamy"},"_links":{"self":[{"href":"https:\/\/www.farakostolna.sk\/index.php?rest_route=\/wp\/v2\/posts\/5212","targetHints":{"allow":["GET"]}}],"collection":[{"href":"https:\/\/www.farakostolna.sk\/index.php?rest_route=\/wp\/v2\/posts"}],"about":[{"href":"https:\/\/www.farakostolna.sk\/index.php?rest_route=\/wp\/v2\/types\/post"}],"author":[{"embeddable":true,"href":"https:\/\/www.farakostolna.sk\/index.php?rest_route=\/wp\/v2\/users\/7"}],"replies":[{"embeddable":true,"href":"https:\/\/www.farakostolna.sk\/index.php?rest_route=%2Fwp%2Fv2%2Fcomments&post=5212"}],"version-history":[{"count":0,"href":"https:\/\/www.farakostolna.sk\/index.php?rest_route=\/wp\/v2\/posts\/5212\/revisions"}],"wp:featuredmedia":[{"embeddable":true,"href":"https:\/\/www.farakostolna.sk\/index.php?rest_route=\/"}],"wp:attachment":[{"href":"https:\/\/www.farakostolna.sk\/index.php?rest_route=%2Fwp%2Fv2%2Fmedia&parent=5212"}],"wp:term":[{"taxonomy":"category","embeddable":true,"href":"https:\/\/www.farakostolna.sk\/index.php?rest_route=%2Fwp%2Fv2%2Fcategories&post=5212"},{"taxonomy":"post_tag","embeddable":true,"href":"https:\/\/www.farakostolna.sk\/index.php?rest_route=%2Fwp%2Fv2%2Ftags&post=5212"}],"curies":[{"name":"wp","href":"https:\/\/api.w.org\/{rel}","templated":true}]}}