{"id":5169,"date":"2020-12-26T01:57:40","date_gmt":"2020-12-26T01:57:40","guid":{"rendered":"http:\/\/kostolna.fara.sk\/?p=5169"},"modified":"2020-12-26T01:57:40","modified_gmt":"2020-12-26T01:57:40","slug":"farske-oznamy-a-zamyslenie-27-12-2020","status":"publish","type":"post","link":"https:\/\/www.farakostolna.sk\/?p=5169","title":{"rendered":"Farsk\u00e9 oznamy a zamyslenie (27.12.2020)"},"content":{"rendered":"\n\t\t\t\t\n\t\t\t\t\n<div class=\"wp-block-image\"><figure class=\"alignleft is-resized\"><img loading=\"lazy\" decoding=\"async\" src=\"http:\/\/kostolna.fara.sk\/wp-content\/uploads\/2020\/12\/WhatsApp-Image-2020-12-25-at-19.53.31.jpeg\" alt=\"\" class=\"wp-image-5170\" width=\"405\" height=\"224\"\/><\/figure><\/div>\n\n\n\n<p>Vianoce n\u00e1m ukazuj\u00fa na obrovsk\u00fd dar od Boha &#8211; nielen Je\u017ei\u0161a, ale aj model a z\u00e1klad spolo\u010dnosti. Je to rodina. A rodina m\u00e1 by\u0165 nielen sv\u00e4t\u00e1, ale aj posv\u00e4tn\u00e1 &#8211; teda nedotknute\u013en\u00e1. Nech v\u00e1s s\u00fadr\u017enos\u0165 nazaretskej rodiny povzbudzuje k s\u00fadr\u017enosti a odolnosti vo\u010di nepriazni okolnost\u00ed.<\/p>\n\n\n<p><!--more--><\/p>\n\n\n<p>Sl\u00e1venie sv\u00e4t\u00fdch om\u0161\u00ed pre verejnos\u0165 je pri zn\u00ed\u017eenom po\u010dte pr\u00edtomn\u00fdch v na\u0161om okrese st\u00e1le v platnosti. M\u00f4\u017eete si vybra\u0165 z dvoch dn\u00ed.<\/p>\n\n\n\n<p><strong>Dnes v sobotu:<br> 16:00 \u2013 Hrub\u00fd \u0160\u00far (ma\u010f.)<br> 17:00 \u2013 Hrub\u00e1 Bor\u0161a (slov.\/ma\u010f.)<br> 18:00 \u2013 Kostoln\u00e1 (slov.)<\/strong><\/p>\n\n\n\n<p><strong>Zajtra v nede\u013eu:<br> 7:00 \u2013 Kostoln\u00e1 (slov.)<br> 8:00 \u2013 Hrub\u00fd \u0160\u00far (ma\u010f.)<br> 9:30 \u2013 Kostoln\u00e1 (ma\u010f.)<br> 11:00 \u2013 Kostoln\u00e1 (slov.)<\/strong><\/p>\n\n\n\n<p>Takisto d\u00e1vam do pozornosti, \u017ee <strong>sv\u00e4t\u00e9 prij\u00edmanie budem rozd\u00e1va\u0165 26. aj 27. decembra<\/strong> <strong>vonku pod pr\u00edstre\u0161kom<\/strong> na farskom dvore v Kostolnej v \u010dase <strong>od 13:00 do 14:00<\/strong>. Medzit\u00fdm je cel\u00fd kostol otvoren\u00fd pre v\u00e1s k modlitbe a\u017e do 16:00. Sv\u00e4t\u00e9 om\u0161e sa vysielaj\u00fa aj online cez Facebook Fara Kostolna.<\/p>\n\n\n\n<p>S \u00factou, <br>Pavol Gajdo\u0161, v\u00e1\u0161 far\u00e1r<br><\/p>\n\t\t\t\t","protected":false},"excerpt":{"rendered":"<p>Vianoce n\u00e1m ukazuj\u00fa na obrovsk\u00fd dar od Boha &#8211; nielen Je\u017ei\u0161a, ale aj model a z\u00e1klad spolo\u010dnosti. Je to rodina. A rodina m\u00e1 by\u0165 nielen sv\u00e4t\u00e1, ale aj posv\u00e4tn\u00e1 &#8211; teda nedotknute\u013en\u00e1. Nech v\u00e1s s\u00fadr\u017enos\u0165 nazaretskej rodiny povzbudzuje k s\u00fadr\u017enosti a odolnosti vo\u010di nepriazni okolnost\u00ed.<\/p>\n","protected":false},"author":7,"featured_media":5170,"comment_status":"closed","ping_status":"closed","sticky":false,"template":"","format":"standard","meta":{"footnotes":""},"categories":[13],"tags":[],"class_list":{"0":"entry","1":"post","2":"publish","3":"author-slado89gmail-com","4":"has-excerpt","5":"has-more-link","6":"post-5169","8":"format-standard","9":"has-post-thumbnail","10":"category-oznamy"},"_links":{"self":[{"href":"https:\/\/www.farakostolna.sk\/index.php?rest_route=\/wp\/v2\/posts\/5169","targetHints":{"allow":["GET"]}}],"collection":[{"href":"https:\/\/www.farakostolna.sk\/index.php?rest_route=\/wp\/v2\/posts"}],"about":[{"href":"https:\/\/www.farakostolna.sk\/index.php?rest_route=\/wp\/v2\/types\/post"}],"author":[{"embeddable":true,"href":"https:\/\/www.farakostolna.sk\/index.php?rest_route=\/wp\/v2\/users\/7"}],"replies":[{"embeddable":true,"href":"https:\/\/www.farakostolna.sk\/index.php?rest_route=%2Fwp%2Fv2%2Fcomments&post=5169"}],"version-history":[{"count":0,"href":"https:\/\/www.farakostolna.sk\/index.php?rest_route=\/wp\/v2\/posts\/5169\/revisions"}],"wp:featuredmedia":[{"embeddable":true,"href":"https:\/\/www.farakostolna.sk\/index.php?rest_route=\/"}],"wp:attachment":[{"href":"https:\/\/www.farakostolna.sk\/index.php?rest_route=%2Fwp%2Fv2%2Fmedia&parent=5169"}],"wp:term":[{"taxonomy":"category","embeddable":true,"href":"https:\/\/www.farakostolna.sk\/index.php?rest_route=%2Fwp%2Fv2%2Fcategories&post=5169"},{"taxonomy":"post_tag","embeddable":true,"href":"https:\/\/www.farakostolna.sk\/index.php?rest_route=%2Fwp%2Fv2%2Ftags&post=5169"}],"curies":[{"name":"wp","href":"https:\/\/api.w.org\/{rel}","templated":true}]}}