{"id":5158,"date":"2020-12-24T23:01:14","date_gmt":"2020-12-24T23:01:14","guid":{"rendered":"http:\/\/kostolna.fara.sk\/?p=5158"},"modified":"2020-12-24T23:01:14","modified_gmt":"2020-12-24T23:01:14","slug":"sv-omse-pocas-vianoc-2020","status":"publish","type":"post","link":"https:\/\/www.farakostolna.sk\/?p=5158","title":{"rendered":"Sv. om\u0161e po\u010das Vianoc 2020"},"content":{"rendered":"\n\t\t\t\t\n\t\t\t\t\n<div class=\"wp-block-image\"><figure class=\"alignleft is-resized\"><img loading=\"lazy\" decoding=\"async\" src=\"http:\/\/kostolna.fara.sk\/wp-content\/uploads\/2020\/12\/IMG_0754-1024x768.jpg\" alt=\"\" class=\"wp-image-5159\" width=\"437\" height=\"328\"\/><\/figure><\/div>\n\n\n\n<p>Prin\u00e1\u0161ame V\u00e1m obrazov\u00fd z\u00e1znam sv. om\u0161\u00ed, ktor\u00e9 boli sl\u00e1ven\u00e9 po\u010das Vianoc v na\u0161om farskom spolo\u010denstve.<\/p>\n\n\n<p><!--more--><\/p>\n\n\n<p><strong>\u0160tedr\u00fd ve\u010der (24.12.2020):<\/strong><\/p>\n\n\n\n<p><a href=\"https:\/\/www.facebook.com\/fara.kostolna\/videos\/853798002046633\/\">\u2013 o 16:00 v ma\u010farskom jazyku (Hrub\u00fd \u0160\u00far)<\/a><br><a href=\"https:\/\/www.facebook.com\/fara.kostolna\/videos\/853948518698248\">\u2013 o 22:00 v slov. \/ ma\u010f. \/ lat. jazyku (Kostoln\u00e1 pri Dunaji)<\/a><\/p>\n\n\n\n<p><strong>Narodenie P\u00e1na (25.12.2020):<\/strong><br><a href=\"https:\/\/www.facebook.com\/fara.kostolna\/videos\/854244072002026\/\">\u2013 o 9:30 v ma\u010farskom jazyku (Kostoln\u00e1 pri Dunaji)<\/a> <br><a href=\"https:\/\/www.facebook.com\/fara.kostolna\/videos\/854303671996066\">\u2013 o 11:00 v slovenskom jazyku (Kostoln\u00e1 pri Dunaji)<\/a><\/p>\n\n\n\n<div class=\"wp-block-image\"><figure class=\"aligncenter\"><img decoding=\"async\" src=\"http:\/\/kostolna.fara.sk\/wp-content\/uploads\/2020\/12\/IMG_20201225_105941.jpg\" alt=\"\" class=\"wp-image-5165\"\/><\/figure><\/div>\n\n\n\n<div class=\"wp-block-image\"><figure class=\"aligncenter\"><img decoding=\"async\" src=\"http:\/\/kostolna.fara.sk\/wp-content\/uploads\/2020\/12\/IMG_20201225_110248.jpg\" alt=\"\" class=\"wp-image-5166\"\/><\/figure><\/div>\n\n\n\n<div class=\"wp-block-image\"><figure class=\"aligncenter\"><img decoding=\"async\" src=\"http:\/\/kostolna.fara.sk\/wp-content\/uploads\/2020\/12\/IMG_20201225_110307.jpg\" alt=\"\" class=\"wp-image-5167\"\/><\/figure><\/div>\n\t\t\t\t","protected":false},"excerpt":{"rendered":"<p>Prin\u00e1\u0161ame V\u00e1m obrazov\u00fd z\u00e1znam sv. om\u0161\u00ed, ktor\u00e9 boli sl\u00e1ven\u00e9 po\u010das Vianoc v na\u0161om farskom spolo\u010denstve.<\/p>\n","protected":false},"author":7,"featured_media":5159,"comment_status":"closed","ping_status":"closed","sticky":false,"template":"","format":"standard","meta":{"footnotes":""},"categories":[17],"tags":[],"class_list":{"0":"entry","1":"post","2":"publish","3":"author-slado89gmail-com","4":"has-excerpt","5":"has-more-link","6":"post-5158","8":"format-standard","9":"has-post-thumbnail","10":"category-sv-omsa"},"_links":{"self":[{"href":"https:\/\/www.farakostolna.sk\/index.php?rest_route=\/wp\/v2\/posts\/5158","targetHints":{"allow":["GET"]}}],"collection":[{"href":"https:\/\/www.farakostolna.sk\/index.php?rest_route=\/wp\/v2\/posts"}],"about":[{"href":"https:\/\/www.farakostolna.sk\/index.php?rest_route=\/wp\/v2\/types\/post"}],"author":[{"embeddable":true,"href":"https:\/\/www.farakostolna.sk\/index.php?rest_route=\/wp\/v2\/users\/7"}],"replies":[{"embeddable":true,"href":"https:\/\/www.farakostolna.sk\/index.php?rest_route=%2Fwp%2Fv2%2Fcomments&post=5158"}],"version-history":[{"count":0,"href":"https:\/\/www.farakostolna.sk\/index.php?rest_route=\/wp\/v2\/posts\/5158\/revisions"}],"wp:featuredmedia":[{"embeddable":true,"href":"https:\/\/www.farakostolna.sk\/index.php?rest_route=\/"}],"wp:attachment":[{"href":"https:\/\/www.farakostolna.sk\/index.php?rest_route=%2Fwp%2Fv2%2Fmedia&parent=5158"}],"wp:term":[{"taxonomy":"category","embeddable":true,"href":"https:\/\/www.farakostolna.sk\/index.php?rest_route=%2Fwp%2Fv2%2Fcategories&post=5158"},{"taxonomy":"post_tag","embeddable":true,"href":"https:\/\/www.farakostolna.sk\/index.php?rest_route=%2Fwp%2Fv2%2Ftags&post=5158"}],"curies":[{"name":"wp","href":"https:\/\/api.w.org\/{rel}","templated":true}]}}