{"id":5152,"date":"2020-12-24T01:00:51","date_gmt":"2020-12-24T01:00:51","guid":{"rendered":"http:\/\/kostolna.fara.sk\/?p=5152"},"modified":"2020-12-24T01:00:51","modified_gmt":"2020-12-24T01:00:51","slug":"vianoce-2020-v-nasej-farnosti","status":"publish","type":"post","link":"https:\/\/www.farakostolna.sk\/?p=5152","title":{"rendered":"Vianoce 2020 v na\u0161ej farnosti"},"content":{"rendered":"\n\t\t\t\t\n\t\t\t\t\n<div class=\"wp-block-image\"><figure class=\"alignleft is-resized\"><img loading=\"lazy\" decoding=\"async\" src=\"http:\/\/kostolna.fara.sk\/wp-content\/uploads\/2020\/12\/WhatsApp-Image-2020-12-23-at-19.30.30-1024x682.jpeg\" alt=\"\" class=\"wp-image-5153\" width=\"412\" height=\"274\"\/><\/figure><\/div>\n\n\n\n<p>Rodi\u010dia si cel\u00e9 roky pam\u00e4taj\u00fa na \u00fa\u017easn\u00fa rados\u0165, ktor\u00fa sp\u00f4sobilo narodenie ich det\u00ed. Aspo\u0148 tak\u00fato rados\u0165 by n\u00e1m malo sp\u00f4sobi\u0165 narodenie Je\u017ei\u0161a. Nechajme ho narodi\u0165 sa aj v na\u0161ich srdciach. Mus\u00edme ich v\u0161ak zobra\u0165 do \u00fastrania jasl\u00ed, aby boli vn\u00edmav\u00e9 na toto posolstvo.<\/p>\n\n\n<p><!--more--><\/p>\n\n\n<p>Mil\u00ed moji, ve\u013emi ma te\u0161\u00ed, \u017ee radi prich\u00e1dzate na spolo\u010dn\u00e9 sl\u00e1venie sv\u00e4t\u00fdch om\u0161\u00ed a ani sl\u00e1vnos\u0165 narodenia P\u00e1na si neviete predstavi\u0165 inak. Ke\u010f\u017ee \u00fa\u010das\u0165 na sv\u00e4t\u00fdch om\u0161iach je obmedzen\u00e1 po\u010dtom pr\u00edtomn\u00fdch, chcem v\u00e1s tento rok pekne poprosi\u0165, aby ste si vybrali jednu z 8 sv\u00e4t\u00fdch om\u0161\u00ed. Tak\u00fdm sp\u00f4sobom sa v\u0161etk\u00fdm z\u00e1ujemcom umo\u017en\u00ed \u00fa\u010das\u0165 na sl\u00e1vnostnej liturgii.<\/p>\n\n\n\n<p><strong>Dnes 24.12.2020<\/strong><br> 16:00 \u2013 Hrub\u00fd \u0160\u00far (ma\u010farsky)<br> 20:00 \u2013 Kostoln\u00e1 (slovensky)<br> 22:00 \u2013 Kostoln\u00e1 (slov.\/ma\u010f.\/lat.)<\/p>\n\n\n\n<p><strong>Zajtra 25.12.2020<\/strong><br> 7:00 \u2013 Kostoln\u00e1 (slovensky)<br> 8:00 \u2013 Hrub\u00fd \u0160\u00far (ma\u010farsky)<br> 9:30 \u2013 Kostoln\u00e1 (ma\u010farsky)<br> 11:00 \u2013 Kostoln\u00e1 (slovensky)<br> 17:00 \u2013 Hrub\u00e1 Bor\u0161a (slov.\/ma\u010f.)<\/p>\n\n\n\n<p>Takisto d\u00e1vam do pozornosti, \u017ee<strong> sv\u00e4t\u00e9 prij\u00edmanie budem rozd\u00e1va\u0165 25., 26. aj 27. decembra vonku pod pr\u00edstre\u0161kom na farskom dvore v Kostolnej v \u010dase od 13:00 do 14:00<\/strong>. Medzit\u00fdm bude cel\u00fd kostol otvoren\u00fd pre v\u00e1s k modlitbe. Sv\u00e4t\u00e9 om\u0161e budeme vysiela\u0165 aj online cez Fara Facebook Kostolna.<\/p>\n\n\n\n<p>S \u00factou, <br>Pavol Gajdo\u0161, v\u00e1\u0161 far\u00e1r<\/p>\n\t\t\t\t","protected":false},"excerpt":{"rendered":"<p>Rodi\u010dia si cel\u00e9 roky pam\u00e4taj\u00fa na \u00fa\u017easn\u00fa rados\u0165, ktor\u00fa sp\u00f4sobilo narodenie ich det\u00ed. Aspo\u0148 tak\u00fato rados\u0165 by n\u00e1m malo sp\u00f4sobi\u0165 narodenie Je\u017ei\u0161a. Nechajme ho narodi\u0165 sa aj v na\u0161ich srdciach. Mus\u00edme ich v\u0161ak zobra\u0165 do \u00fastrania jasl\u00ed, aby boli vn\u00edmav\u00e9 na toto posolstvo.<\/p>\n","protected":false},"author":7,"featured_media":5153,"comment_status":"closed","ping_status":"closed","sticky":false,"template":"","format":"standard","meta":{"footnotes":""},"categories":[13],"tags":[],"class_list":{"0":"entry","1":"post","2":"publish","3":"author-slado89gmail-com","4":"has-excerpt","5":"has-more-link","6":"post-5152","8":"format-standard","9":"has-post-thumbnail","10":"category-oznamy"},"_links":{"self":[{"href":"https:\/\/www.farakostolna.sk\/index.php?rest_route=\/wp\/v2\/posts\/5152","targetHints":{"allow":["GET"]}}],"collection":[{"href":"https:\/\/www.farakostolna.sk\/index.php?rest_route=\/wp\/v2\/posts"}],"about":[{"href":"https:\/\/www.farakostolna.sk\/index.php?rest_route=\/wp\/v2\/types\/post"}],"author":[{"embeddable":true,"href":"https:\/\/www.farakostolna.sk\/index.php?rest_route=\/wp\/v2\/users\/7"}],"replies":[{"embeddable":true,"href":"https:\/\/www.farakostolna.sk\/index.php?rest_route=%2Fwp%2Fv2%2Fcomments&post=5152"}],"version-history":[{"count":0,"href":"https:\/\/www.farakostolna.sk\/index.php?rest_route=\/wp\/v2\/posts\/5152\/revisions"}],"wp:featuredmedia":[{"embeddable":true,"href":"https:\/\/www.farakostolna.sk\/index.php?rest_route=\/"}],"wp:attachment":[{"href":"https:\/\/www.farakostolna.sk\/index.php?rest_route=%2Fwp%2Fv2%2Fmedia&parent=5152"}],"wp:term":[{"taxonomy":"category","embeddable":true,"href":"https:\/\/www.farakostolna.sk\/index.php?rest_route=%2Fwp%2Fv2%2Fcategories&post=5152"},{"taxonomy":"post_tag","embeddable":true,"href":"https:\/\/www.farakostolna.sk\/index.php?rest_route=%2Fwp%2Fv2%2Ftags&post=5152"}],"curies":[{"name":"wp","href":"https:\/\/api.w.org\/{rel}","templated":true}]}}