{"id":5130,"date":"2020-12-19T06:44:10","date_gmt":"2020-12-19T06:44:10","guid":{"rendered":"http:\/\/kostolna.fara.sk\/?p=5130"},"modified":"2020-12-19T06:44:10","modified_gmt":"2020-12-19T06:44:10","slug":"farske-oznamy-a-zamyslenie-13-12-2020","status":"publish","type":"post","link":"https:\/\/www.farakostolna.sk\/?p=5130","title":{"rendered":"Farsk\u00e9 oznamy a zamyslenie (20.12.2020)"},"content":{"rendered":"\n\t\t\t\t\n\t\t\t\t\n<div class=\"wp-block-image\"><figure class=\"alignleft is-resized\"><img loading=\"lazy\" decoding=\"async\" src=\"http:\/\/kostolna.fara.sk\/wp-content\/uploads\/2020\/12\/WhatsApp-Image-2020-12-18-at-22.20.29-1006x1024.jpeg\" alt=\"\" class=\"wp-image-5131\" width=\"325\" height=\"331\"\/><\/figure><\/div>\n\n\n\n<p>Neboj sa, na\u0161iel si \/ na\u0161la si milos\u0165 u Boha. Tak tieto slov\u00e1 znej\u00fa ka\u017ed\u00e9mu z n\u00e1s. On m\u00e1 pre ka\u017ed\u00e9ho nielen talenty, ale aj \u00falohu, na ktor\u00fa tie talenty m\u00e1me pou\u017ei\u0165. Oni presne zapadn\u00fa, ako k\u013e\u00fa\u010d do z\u00e1mku, ak ich budeme pou\u017e\u00edva\u0165, ak povieme Bohu &#8220;\u00e1no&#8221;. On chce tvori\u0165 \u00fa\u017easn\u00fd obraz &#8211; svoju podobize\u0148, potrebuje v\u0161ak ka\u017ed\u00e9ho z n\u00e1s. Aj Teba. (porov. Lk 1, 26-38) <\/p>\n\n\n<p><!--more--><\/p>\n\n\n<p>V t\u00fdchto d\u0148och je n\u00e1\u0161 farsk\u00fd kostol dennodenne dezinfikovan\u00fd, vetran\u00fd a&nbsp;aj&nbsp;oz\u00f3novan\u00fd. Do vchodu kostola sme pridali \u010fal\u0161\u00ed bezdotykov\u00fd dezinfik\u00e1tor r\u00fak. Pod\u013ea posledn\u00fdch nariaden\u00ed je mo\u017en\u00e9 v kostole obsadzova\u0165 len ka\u017ed\u00e9 druh\u00e9 miesto, s&nbsp;t\u00fdm, \u017ee ka\u017ed\u00e1 druh\u00e1 lavica m\u00e1 osta\u0165 pr\u00e1zdna.<\/p>\n\n\n\n<p>V na\u0161ej farnosti s\u00fa pridan\u00e9 preto viacer\u00e9 sv\u00e4t\u00e9 om\u0161e (pozrite si rozpis). Sk\u00faste sa tak rozdeli\u0165, aby ka\u017ed\u00fd z\u00e1ujemca mohol na niektor\u00fa z nich cez sviatky pr\u00eds\u0165. Najmenej \u013eud\u00ed b\u00fdva r\u00e1no o siedmej. Ve\u013emi ma te\u0161\u00ed, \u017ee prich\u00e1dzate na sv\u00e4t\u00e9 om\u0161e. Z\u00e1rove\u0148 ale d\u00f4razne pros\u00edm, \u017ee pokia\u013e je V\u00e1m nariaden\u00e1 dom\u00e1ca karant\u00e9na, alebo sa nec\u00edtite dobre, osta\u0148te doma.<\/p>\n\n\n\n<p>Cez sviatky sa budeme sna\u017ei\u0165 sprostredkova\u0165 sv\u00e4t\u00e9 om\u0161e aj online cez Facebook Fara Kostoln\u00e1, resp.&nbsp;zo z\u00e1znamu cez na\u0161u webov\u00fa str\u00e1nku kostolna.fara.sk aj bez fb konta. <\/p>\n\n\n\n<p><strong>Tich\u00e1 ador\u00e1cia bude v Kostolnej e\u0161te aj tento utorok a v&nbsp;stredu od 17:30 do 18:30 s&nbsp;mo\u017enos\u0165ou sv. prij\u00edmania, resp. sv\u00e4tej spovede.<\/strong> Sviatos\u0165 zmierenia vysluhujem v&nbsp;tomto obdob\u00ed vonku pod pr\u00edstre\u0161kom na farskom dvore.<\/p>\n\n\n\n<p><strong>Betlehemsk\u00e9 svetlo V\u00e1m vydaj\u00fa skauti 24.12. medzi 8:00 do 12:00 v kostole v Kostolnej aj v Hrubom \u0160\u00fare. V Hrubej Bor\u0161i v kaplnke od 12:00 do 13:00.<\/strong><\/p>\n\n\n\n<p>Predsie\u0148 farsk\u00e9ho kostola bude pre V\u00e1s otvoren\u00e1 denne minim\u00e1lne od 8:00 do 21:30 k s\u00fakromnej modlitbe s osvetlenou sv\u00e4ty\u0148ou. <\/p>\n\n\n\n<p>T\u00ed, ktor\u00ed prich\u00e1dzate na sv\u00e4t\u00fa om\u0161u v sobotu ve\u010der, alebo zo zdravotn\u00fdch, \u010di in\u00fdch d\u00f4vodov nem\u00f4\u017eete pr\u00eds\u0165 na sv\u00e4t\u00fa om\u0161u, V\u00e1m d\u00e1vam mo\u017enos\u0165 jednotlivo prist\u00fapi\u0165 k sv\u00e4t\u00e9mu prij\u00edmaniu v t\u00fato nede\u013eu v Kostolnej od 13:00 do 14:00. Takisto <strong>budem rozd\u00e1va\u0165 sv\u00e4t\u00e9 prij\u00edmanie aj v \u010fal\u0161\u00edch d\u0148och &#8211; 25., 26. a 27. decembra od 13:00 do 14:00 pod pr\u00edstre\u0161kom na farskom dvore.<\/strong><\/p>\n\n\n\n<p><strong>Pre t\u00fdch chor\u00fdch, ktor\u00ed prejavia z\u00e1ujem<\/strong>, aby som im priniesol&nbsp;sv\u00e4t\u00e9 prij\u00edmanie <strong>v piatok 25. decembra 2020<\/strong> (na prv\u00fd sviatok viano\u010dn\u00fd),<strong> budem od 14:30 do 15:30 rozn\u00e1\u0161a\u0165 Eucharistiu<\/strong>. Tento \u00fakon budem robi\u0165 v\u00fdlu\u010dne z&nbsp;vonka vo dver\u00e1ch domu, najbli\u017e\u0161\u00ed pr\u00edbuzn\u00ed m\u00f4\u017eete by\u0165 pritom n\u00e1pomocn\u00ed.<\/p>\n\n\n\n<p>V uplynul\u00fdch d\u0148och ste si mohli mnoh\u00ed n\u00e1js\u0165 vo svojich po\u0161tov\u00fdch schr\u00e1nkach na\u0161e Farsk\u00e9 noviny &#8211; Mi \u00dajs\u00e1g?. T\u00fdmto \u00faprimne \u010fakujem v\u0161etk\u00fdm, ktor\u00fd sa na jeho tvorbe podie\u013eali a&nbsp;pomohli ich roznies\u0165 po okol\u00ed. Kto ich e\u0161te nem\u00e1te, alebo chcete podarova\u0165 zn\u00e1mym, zoberte si vzadu v&nbsp;kostole. Svoj dobrovo\u013en\u00fd pr\u00edspevok m\u00f4\u017eete kedyko\u013evek vlo\u017ei\u0165 do pokladni\u010dky na noviny.<\/p>\n\n\n\n<p>Ver\u00edm, \u017ee napriek viacer\u00fdm ne\u013eahk\u00fdm obmedzeniam a \u0165a\u017ekostiam, spolo\u010dn\u00fdm \u00fasil\u00edm a trpezlivos\u0165ou pre\u017eijeme sviatky v ich h\u013abke a podstate. Nech n\u00e1m Bo\u017eie die\u0165a vd\u00fdchne pokoj, rados\u0165 a posilu, nielen v t\u00fato sv\u00e4t\u00fa chv\u00ed\u013eu, ale taktie\u017e v novom roku, nech n\u00e1s vedie v ka\u017edom kroku. <\/p>\n\n\n\n<p>S \u00factou, <br>Pavol Gajdo\u0161, v\u00e1\u0161 far\u00e1r<\/p>\n\t\t\t\t","protected":false},"excerpt":{"rendered":"<p>Neboj sa, na\u0161iel si \/ na\u0161la si milos\u0165 u Boha. Tak tieto slov\u00e1 znej\u00fa ka\u017ed\u00e9mu z n\u00e1s. On m\u00e1 pre ka\u017ed\u00e9ho nielen talenty, ale aj \u00falohu, na ktor\u00fa tie talenty m\u00e1me pou\u017ei\u0165. Oni presne zapadn\u00fa, ako k\u013e\u00fa\u010d do z\u00e1mku, ak ich budeme pou\u017e\u00edva\u0165, ak povieme Bohu &#8220;\u00e1no&#8221;. On chce tvori\u0165 \u00fa\u017easn\u00fd obraz &#8211; svoju podobize\u0148, &#8230; <span class=\"more\"><a class=\"more-link\" href=\"https:\/\/www.farakostolna.sk\/?p=5130\">[\u010c\u00edta\u0165 \u010falej&#8230;]<\/a><\/span><\/p>\n","protected":false},"author":7,"featured_media":5131,"comment_status":"closed","ping_status":"closed","sticky":false,"template":"","format":"standard","meta":{"footnotes":""},"categories":[13],"tags":[],"class_list":{"0":"entry","1":"post","2":"publish","3":"author-slado89gmail-com","4":"has-excerpt","5":"has-more-link","6":"post-5130","8":"format-standard","9":"has-post-thumbnail","10":"category-oznamy"},"_links":{"self":[{"href":"https:\/\/www.farakostolna.sk\/index.php?rest_route=\/wp\/v2\/posts\/5130","targetHints":{"allow":["GET"]}}],"collection":[{"href":"https:\/\/www.farakostolna.sk\/index.php?rest_route=\/wp\/v2\/posts"}],"about":[{"href":"https:\/\/www.farakostolna.sk\/index.php?rest_route=\/wp\/v2\/types\/post"}],"author":[{"embeddable":true,"href":"https:\/\/www.farakostolna.sk\/index.php?rest_route=\/wp\/v2\/users\/7"}],"replies":[{"embeddable":true,"href":"https:\/\/www.farakostolna.sk\/index.php?rest_route=%2Fwp%2Fv2%2Fcomments&post=5130"}],"version-history":[{"count":0,"href":"https:\/\/www.farakostolna.sk\/index.php?rest_route=\/wp\/v2\/posts\/5130\/revisions"}],"wp:featuredmedia":[{"embeddable":true,"href":"https:\/\/www.farakostolna.sk\/index.php?rest_route=\/"}],"wp:attachment":[{"href":"https:\/\/www.farakostolna.sk\/index.php?rest_route=%2Fwp%2Fv2%2Fmedia&parent=5130"}],"wp:term":[{"taxonomy":"category","embeddable":true,"href":"https:\/\/www.farakostolna.sk\/index.php?rest_route=%2Fwp%2Fv2%2Fcategories&post=5130"},{"taxonomy":"post_tag","embeddable":true,"href":"https:\/\/www.farakostolna.sk\/index.php?rest_route=%2Fwp%2Fv2%2Ftags&post=5130"}],"curies":[{"name":"wp","href":"https:\/\/api.w.org\/{rel}","templated":true}]}}