{"id":5122,"date":"2020-12-15T15:37:33","date_gmt":"2020-12-15T15:37:33","guid":{"rendered":"http:\/\/kostolna.fara.sk\/?p=5122"},"modified":"2020-12-15T15:37:33","modified_gmt":"2020-12-15T15:37:33","slug":"crux-cd","status":"publish","type":"post","link":"https:\/\/www.farakostolna.sk\/?p=5122","title":{"rendered":"CRUX CD je u\u017e v predaji &#8211; CRUX CD el\u00e9rhet\u0151"},"content":{"rendered":"\n\t\t\t\t\n\t\t\t\t\n<div class=\"wp-block-image\"><figure class=\"alignleft is-resized\"><img loading=\"lazy\" decoding=\"async\" src=\"http:\/\/kostolna.fara.sk\/wp-content\/uploads\/2020\/12\/unnamed-1024x768.jpg\" alt=\"\" class=\"wp-image-5123\" width=\"347\" height=\"260\"\/><\/figure><\/div>\n\n\n\n<p>Na zadnom stol\u00edku v na\u0161om kostole m\u00f4\u017eete zak\u00fapen\u00edm CD hudobnej skupiny CRUX podpori\u0165 ich evanjeliza\u010dn\u00fa slu\u017ebu, ktor\u00fa poskytuj\u00fa svojim spevom na ma\u010farsk\u00fdch sv\u00e4t\u00fdch om\u0161iach.<\/p>\n\n\n<p><!--more--><\/p>\n\n\n<p> A pl\u00e9n\u00e1nia templomunkban elhelyezett h\u00e1ts\u00f3 kisasztaln\u00e1l megv\u00e1s\u00e1rolhat\u00f3k lesznek templom nyit\u00e1skor, szentmis\u00e9k el\u0151tt \u00e9s ut\u00e1n a CRUX egy\u00fcttes CD-i, melyben hallhat\u00f3 G\u00e1briel Deni \u00e9s Pali. T\u00e1mogassuk evangeliz\u00e1ci\u00f3s munk\u00e1jukat, mellyel a mi magyar szentmis\u00e9inket is rendszeresen gazdag\u00edtj\u00e1k!  <\/p>\n\t\t\t\t","protected":false},"excerpt":{"rendered":"<p>Na zadnom stol\u00edku v na\u0161om kostole m\u00f4\u017eete zak\u00fapen\u00edm CD hudobnej skupiny CRUX podpori\u0165 ich evanjeliza\u010dn\u00fa slu\u017ebu, ktor\u00fa poskytuj\u00fa svojim spevom na ma\u010farsk\u00fdch sv\u00e4t\u00fdch om\u0161iach.<\/p>\n","protected":false},"author":7,"featured_media":5123,"comment_status":"closed","ping_status":"closed","sticky":false,"template":"","format":"standard","meta":{"footnotes":""},"categories":[5],"tags":[],"class_list":{"0":"entry","1":"post","2":"publish","3":"author-slado89gmail-com","4":"has-excerpt","5":"has-more-link","6":"post-5122","8":"format-standard","9":"has-post-thumbnail","10":"category-aktuality"},"_links":{"self":[{"href":"https:\/\/www.farakostolna.sk\/index.php?rest_route=\/wp\/v2\/posts\/5122","targetHints":{"allow":["GET"]}}],"collection":[{"href":"https:\/\/www.farakostolna.sk\/index.php?rest_route=\/wp\/v2\/posts"}],"about":[{"href":"https:\/\/www.farakostolna.sk\/index.php?rest_route=\/wp\/v2\/types\/post"}],"author":[{"embeddable":true,"href":"https:\/\/www.farakostolna.sk\/index.php?rest_route=\/wp\/v2\/users\/7"}],"replies":[{"embeddable":true,"href":"https:\/\/www.farakostolna.sk\/index.php?rest_route=%2Fwp%2Fv2%2Fcomments&post=5122"}],"version-history":[{"count":0,"href":"https:\/\/www.farakostolna.sk\/index.php?rest_route=\/wp\/v2\/posts\/5122\/revisions"}],"wp:featuredmedia":[{"embeddable":true,"href":"https:\/\/www.farakostolna.sk\/index.php?rest_route=\/"}],"wp:attachment":[{"href":"https:\/\/www.farakostolna.sk\/index.php?rest_route=%2Fwp%2Fv2%2Fmedia&parent=5122"}],"wp:term":[{"taxonomy":"category","embeddable":true,"href":"https:\/\/www.farakostolna.sk\/index.php?rest_route=%2Fwp%2Fv2%2Fcategories&post=5122"},{"taxonomy":"post_tag","embeddable":true,"href":"https:\/\/www.farakostolna.sk\/index.php?rest_route=%2Fwp%2Fv2%2Ftags&post=5122"}],"curies":[{"name":"wp","href":"https:\/\/api.w.org\/{rel}","templated":true}]}}