{"id":5119,"date":"2020-12-15T17:03:37","date_gmt":"2020-12-15T17:03:37","guid":{"rendered":"http:\/\/kostolna.fara.sk\/?p=5119"},"modified":"2020-12-15T17:03:37","modified_gmt":"2020-12-15T17:03:37","slug":"chodte-do-celeho-sveta-a-ohlasujte-evanjelium","status":"publish","type":"post","link":"https:\/\/www.farakostolna.sk\/?p=5119","title":{"rendered":"Na\u0161a farnos\u0165 op\u00e4\u0165 v telev\u00edzii LUX"},"content":{"rendered":"\n\t\t\t\t\n\t\t\t\t\n<div class=\"wp-block-image\"><figure class=\"alignleft is-resized\"><img loading=\"lazy\" decoding=\"async\" src=\"http:\/\/kostolna.fara.sk\/wp-content\/uploads\/2020\/12\/headline.jpg\" alt=\"\" class=\"wp-image-5120\" width=\"375\" height=\"250\"\/><\/figure><\/div>\n\n\n\n<p>Sp\u00f4sob ohlasovania sa \u010dasom men\u00ed, ale obsah zost\u00e1va st\u00e1le ten ist\u00fd. N\u00e1\u0161 p\u00e1n far\u00e1r prezentoval<a href=\"http:\/\/www.tvlux.sk\/archiv\/play\/24550\"> v telev\u00edzii LUX<\/a> nielen na\u0161u farnos\u0165. Zozn\u00e1mite sa so sp\u00f4sobom ako sa zap\u00e1jame do miestnej evanjeliz\u00e1cie a aj tej vzdialenej\u0161ej &#8211; v Afrike. Poz\u00fdvam V\u00e1s pozrie\u0165 si rozhovor, po ktorom budete nielen hrd\u00fdmi farn\u00edkmi, ale aj povzbuden\u00fdmi kres\u0165anmi odhodlan\u00fdmi k aktivite. Ver\u00edm, \u017ee V\u00e1s toto svedectvo upevn\u00ed vo viere, ktorej ovoc\u00edm maj\u00fa by\u0165 skutky l\u00e1sky. <\/p>\n\n\n<p><!--more--><\/p>\n\n\n<p>Martin \u0160i\u0161ka,<br>Hrub\u00fd \u0160\u00far <\/p>\n\t\t\t\t","protected":false},"excerpt":{"rendered":"<p>Sp\u00f4sob ohlasovania sa \u010dasom men\u00ed, ale obsah zost\u00e1va st\u00e1le ten ist\u00fd. N\u00e1\u0161 p\u00e1n far\u00e1r prezentoval v telev\u00edzii LUX nielen na\u0161u farnos\u0165. Zozn\u00e1mite sa so sp\u00f4sobom ako sa zap\u00e1jame do miestnej evanjeliz\u00e1cie a aj tej vzdialenej\u0161ej &#8211; v Afrike. Poz\u00fdvam V\u00e1s pozrie\u0165 si rozhovor, po ktorom budete nielen hrd\u00fdmi farn\u00edkmi, ale aj povzbuden\u00fdmi kres\u0165anmi odhodlan\u00fdmi k &#8230; <span class=\"more\"><a class=\"more-link\" href=\"https:\/\/www.farakostolna.sk\/?p=5119\">[\u010c\u00edta\u0165 \u010falej&#8230;]<\/a><\/span><\/p>\n","protected":false},"author":5,"featured_media":5120,"comment_status":"closed","ping_status":"closed","sticky":false,"template":"","format":"standard","meta":{"footnotes":""},"categories":[5],"tags":[],"class_list":{"0":"entry","1":"post","2":"publish","3":"author-martinsiska1gmail-com","4":"has-excerpt","5":"has-more-link","6":"post-5119","8":"format-standard","9":"has-post-thumbnail","10":"category-aktuality"},"_links":{"self":[{"href":"https:\/\/www.farakostolna.sk\/index.php?rest_route=\/wp\/v2\/posts\/5119","targetHints":{"allow":["GET"]}}],"collection":[{"href":"https:\/\/www.farakostolna.sk\/index.php?rest_route=\/wp\/v2\/posts"}],"about":[{"href":"https:\/\/www.farakostolna.sk\/index.php?rest_route=\/wp\/v2\/types\/post"}],"author":[{"embeddable":true,"href":"https:\/\/www.farakostolna.sk\/index.php?rest_route=\/wp\/v2\/users\/5"}],"replies":[{"embeddable":true,"href":"https:\/\/www.farakostolna.sk\/index.php?rest_route=%2Fwp%2Fv2%2Fcomments&post=5119"}],"version-history":[{"count":0,"href":"https:\/\/www.farakostolna.sk\/index.php?rest_route=\/wp\/v2\/posts\/5119\/revisions"}],"wp:featuredmedia":[{"embeddable":true,"href":"https:\/\/www.farakostolna.sk\/index.php?rest_route=\/"}],"wp:attachment":[{"href":"https:\/\/www.farakostolna.sk\/index.php?rest_route=%2Fwp%2Fv2%2Fmedia&parent=5119"}],"wp:term":[{"taxonomy":"category","embeddable":true,"href":"https:\/\/www.farakostolna.sk\/index.php?rest_route=%2Fwp%2Fv2%2Fcategories&post=5119"},{"taxonomy":"post_tag","embeddable":true,"href":"https:\/\/www.farakostolna.sk\/index.php?rest_route=%2Fwp%2Fv2%2Ftags&post=5119"}],"curies":[{"name":"wp","href":"https:\/\/api.w.org\/{rel}","templated":true}]}}